
{"id":105919,"date":"2022-11-04T22:02:15","date_gmt":"2022-11-05T01:02:15","guid":{"rendered":"https:\/\/www.sudoestehoje.com.br\/novoportal\/?p=105919"},"modified":"2022-11-04T22:03:54","modified_gmt":"2022-11-05T01:03:54","slug":"regiao-eleitores-de-maiquinique-vao-eleger-novo-prefeito-e-vice-em-27-de-novembro","status":"publish","type":"post","link":"https:\/\/www.sudoestehoje.com.br\/novoportal\/2022\/11\/04\/regiao-eleitores-de-maiquinique-vao-eleger-novo-prefeito-e-vice-em-27-de-novembro\/","title":{"rendered":"REGI\u00c3O | ELEITORES DE MAIQUINIQUE V\u00c3O ELEGER NOVO PREFEITO E VICE EM 27 DE NOVEMBRO"},"content":{"rendered":"<div id=\"chunk-b5kk4\">\n<div class=\"mc-column content-text active-extra-styles \" data-block-type=\"unstyled\" data-block-weight=\"51\" data-block-id=\"3\">\n<p data-track-category=\"Link no Texto\" data-track-links=\"\"><a href=\"https:\/\/www.sudoestehoje.com.br\/novoportal\/wp-content\/uploads\/2022\/11\/936203_502443693138613_927492754_n.jpg\"><img loading=\"lazy\" decoding=\"async\" class=\"aligncenter size-medium wp-image-105921\" src=\"https:\/\/www.sudoestehoje.com.br\/novoportal\/wp-content\/uploads\/2022\/11\/936203_502443693138613_927492754_n-500x333.jpg\" alt=\"\" width=\"500\" height=\"333\" srcset=\"https:\/\/www.sudoestehoje.com.br\/novoportal\/wp-content\/uploads\/2022\/11\/936203_502443693138613_927492754_n-500x333.jpg 500w, https:\/\/www.sudoestehoje.com.br\/novoportal\/wp-content\/uploads\/2022\/11\/936203_502443693138613_927492754_n.jpg 582w\" sizes=\"auto, (max-width: 500px) 100vw, 500px\" \/><\/a><\/p>\n<p class=\"content-text__container \" data-track-category=\"Link no Texto\" data-track-links=\"\">Os eleitores da cidade de\u00a0<a href=\"https:\/\/g1.globo.com\/ba\/bahia\/cidade\/maiquinique\/\">Maiquinique<\/a>, no sudoeste da Bahia, participar\u00e3o de uma nova vota\u00e7\u00e3o , no dia 27 de novembro, para escolher o prefeito e o vice-prefeito da cidade. A elei\u00e7\u00e3o para os cargos ser\u00e1 realizada ap\u00f3s o Tribunal Superior Eleitoral (TSE) cassar os mandatos dos chefes do executivo.<\/p>\n<\/div>\n<\/div>\n<div class=\"wall protected-content\">\n<div id=\"chunk-4g8pq\">\n<div class=\"mc-column content-text active-extra-styles \" data-block-type=\"unstyled\" data-block-weight=\"44\" data-block-id=\"4\">\n<p class=\"content-text__container \" data-track-category=\"Link no Texto\" data-track-links=\"\">O prefeito Jesulino de Souza Porto e a vice prefeita Marizene Santos Gusm\u00e3o foram eleitos em 2020.\u00a0Em novembro de 2021, a Justi\u00e7a eleitoral determinou a cassa\u00e7\u00e3o dos mandatos dos dois pol\u00edticos por abuso de poder econ\u00f4mico e capta\u00e7\u00e3o il\u00edcita de votos nas elei\u00e7\u00f5es.<\/p>\n<div id=\"chunk-cr0ht\">\n<div class=\"mc-column content-text active-extra-styles \" data-block-type=\"unstyled\" data-block-weight=\"54\" data-block-id=\"7\">\n<p class=\"content-text__container \" data-track-category=\"Link no Texto\" data-track-links=\"\">Na decis\u00e3o, divulgada em novembro de 2021, constava que Jesulino de Souza e Marizene Santos distribu\u00edram combust\u00edvel durante o per\u00edodo eleitoral para obten\u00e7\u00e3o de voto. Os pol\u00edticos teriam feiro uma carreata na cidade e cerca de 320 ve\u00edculos, entre motos e carros, foram abastecidos com valores entre R$ 15 e R$ 30.<\/p>\n<\/div>\n<\/div>\n<div id=\"chunk-b3rtj\">\n<div class=\"mc-column content-text active-extra-styles \" data-block-type=\"unstyled\" data-block-weight=\"29\" data-block-id=\"8\">\n<p class=\"content-text__container \" data-track-category=\"Link no Texto\" data-track-links=\"\">O combust\u00edvel gratuito foi oferecido nos dois postos do munic\u00edpio, independentemente dos motoristas serem simpatizantes ou n\u00e3o do candidato. Jesulino de Souza seria, inclusive, dono de um desses estabelecimentos.<\/p>\n<\/div>\n<\/div>\n<div id=\"chunk-dr6kq\">\n<div class=\"mc-column content-text active-extra-styles \" data-block-type=\"unstyled\" data-block-weight=\"41\" data-block-id=\"9\">\n<p class=\"content-text__container \" data-track-category=\"Link no Texto\" data-track-links=\"\">Ainda em 2021, o prefeito e a vice recorreram da decis\u00e3o, mas em julho deste ano, o TSE confirmou a cassa\u00e7\u00e3o dos dois mandatos. Com isso, os votos atribu\u00eddos \u00e0 chapa foram anulados e foi determinada a organiza\u00e7\u00e3o de nova elei\u00e7\u00e3o.<\/p>\n<\/div>\n<\/div>\n<\/div>\n<\/div>\n<\/div>\n","protected":false},"excerpt":{"rendered":"<p>Os eleitores da cidade de\u00a0Maiquinique, no sudoeste da Bahia, participar\u00e3o de uma nova vota\u00e7\u00e3o , no dia 27 de novembro, para escolher o prefeito e o vice-prefeito da cidade. A elei\u00e7\u00e3o para os cargos ser\u00e1 realizada ap\u00f3s o Tribunal Superior Eleitoral (TSE) cassar os mandatos dos chefes do executivo. O prefeito Jesulino de Souza Porto [&hellip;]<\/p>\n","protected":false},"author":2,"featured_media":105921,"comment_status":"closed","ping_status":"open","sticky":false,"template":"","format":"standard","meta":{"footnotes":"","_links_to":"","_links_to_target":""},"categories":[1],"tags":[],"class_list":["post-105919","post","type-post","status-publish","format-standard","has-post-thumbnail","hentry","category-geral"],"views":935,"_links":{"self":[{"href":"https:\/\/www.sudoestehoje.com.br\/novoportal\/wp-json\/wp\/v2\/posts\/105919","targetHints":{"allow":["GET"]}}],"collection":[{"href":"https:\/\/www.sudoestehoje.com.br\/novoportal\/wp-json\/wp\/v2\/posts"}],"about":[{"href":"https:\/\/www.sudoestehoje.com.br\/novoportal\/wp-json\/wp\/v2\/types\/post"}],"author":[{"embeddable":true,"href":"https:\/\/www.sudoestehoje.com.br\/novoportal\/wp-json\/wp\/v2\/users\/2"}],"replies":[{"embeddable":true,"href":"https:\/\/www.sudoestehoje.com.br\/novoportal\/wp-json\/wp\/v2\/comments?post=105919"}],"version-history":[{"count":2,"href":"https:\/\/www.sudoestehoje.com.br\/novoportal\/wp-json\/wp\/v2\/posts\/105919\/revisions"}],"predecessor-version":[{"id":105922,"href":"https:\/\/www.sudoestehoje.com.br\/novoportal\/wp-json\/wp\/v2\/posts\/105919\/revisions\/105922"}],"wp:featuredmedia":[{"embeddable":true,"href":"https:\/\/www.sudoestehoje.com.br\/novoportal\/wp-json\/wp\/v2\/media\/105921"}],"wp:attachment":[{"href":"https:\/\/www.sudoestehoje.com.br\/novoportal\/wp-json\/wp\/v2\/media?parent=105919"}],"wp:term":[{"taxonomy":"category","embeddable":true,"href":"https:\/\/www.sudoestehoje.com.br\/novoportal\/wp-json\/wp\/v2\/categories?post=105919"},{"taxonomy":"post_tag","embeddable":true,"href":"https:\/\/www.sudoestehoje.com.br\/novoportal\/wp-json\/wp\/v2\/tags?post=105919"}],"curies":[{"name":"wp","href":"https:\/\/api.w.org\/{rel}","templated":true}]}}