
{"id":105910,"date":"2022-11-03T12:33:41","date_gmt":"2022-11-03T15:33:41","guid":{"rendered":"https:\/\/www.sudoestehoje.com.br\/novoportal\/?p=105910"},"modified":"2022-11-03T12:35:47","modified_gmt":"2022-11-03T15:35:47","slug":"itapetinga-falta-de-energia-eletrica-provoca-interrupcao-de-abastecimento-nas-vilas","status":"publish","type":"post","link":"https:\/\/www.sudoestehoje.com.br\/novoportal\/2022\/11\/03\/itapetinga-falta-de-energia-eletrica-provoca-interrupcao-de-abastecimento-nas-vilas\/","title":{"rendered":"FALTA DE ENERGIA EL\u00c9TRICA INTERROMPE ABASTECIMENTO DE \u00c1GUA NAS VILAS"},"content":{"rendered":"<p><a href=\"https:\/\/www.sudoestehoje.com.br\/novoportal\/wp-content\/uploads\/2022\/11\/transferir-6.jpg\"><img loading=\"lazy\" decoding=\"async\" class=\"aligncenter wp-image-105911\" src=\"https:\/\/www.sudoestehoje.com.br\/novoportal\/wp-content\/uploads\/2022\/11\/transferir-6.jpg\" alt=\"\" width=\"500\" height=\"250\" \/><\/a><\/p>\n<p>O SAAE informa aos seus usu\u00e1rios que devido a falta de ENERGIA EL\u00c9TRICA, a acasa de bombas das Vilas est\u00e1 sem funcionar e o abastecimento foi interrompido por tempo indeterminado para as seguintes localidades:<\/p>\n<p><strong>Vila Rosa, Vila Riach\u00e3o, Vila Suzano, Hilda Gama, Jardim Esperan\u00e7a, Vila Aurora, Clerol\u00e2ndia, Vila Isabel, Cidade Jardim e residenciais Cassiano Gon\u00e7alves e Neto Fernandes.<\/strong><\/p>\n<p>O SAAE j\u00e1 entrou em contato com a \u201cCOELBA\u201d e a mesma informou que estar\u00e1 solucionando o problema.<\/p>\n<p>Solicitamos a economia no uso da \u00e1gua do reservat\u00f3rio residencial at\u00e9 que volte \u00e0 normalidade.<\/p>\n<p>Agradecemos a aten\u00e7\u00e3o e compreens\u00e3o de todos.<\/p>\n<p>A Dire\u00e7\u00e3o<\/p>\n","protected":false},"excerpt":{"rendered":"<p>O SAAE informa aos seus usu\u00e1rios que devido a falta de ENERGIA EL\u00c9TRICA, a acasa de bombas das Vilas est\u00e1 sem funcionar e o abastecimento foi interrompido por tempo indeterminado para as seguintes localidades: Vila Rosa, Vila Riach\u00e3o, Vila Suzano, Hilda Gama, Jardim Esperan\u00e7a, Vila Aurora, Clerol\u00e2ndia, Vila Isabel, Cidade Jardim e residenciais Cassiano Gon\u00e7alves [&hellip;]<\/p>\n","protected":false},"author":2,"featured_media":105911,"comment_status":"open","ping_status":"open","sticky":false,"template":"","format":"standard","meta":{"footnotes":"","_links_to":"","_links_to_target":""},"categories":[1],"tags":[],"class_list":["post-105910","post","type-post","status-publish","format-standard","has-post-thumbnail","hentry","category-geral"],"views":746,"_links":{"self":[{"href":"https:\/\/www.sudoestehoje.com.br\/novoportal\/wp-json\/wp\/v2\/posts\/105910","targetHints":{"allow":["GET"]}}],"collection":[{"href":"https:\/\/www.sudoestehoje.com.br\/novoportal\/wp-json\/wp\/v2\/posts"}],"about":[{"href":"https:\/\/www.sudoestehoje.com.br\/novoportal\/wp-json\/wp\/v2\/types\/post"}],"author":[{"embeddable":true,"href":"https:\/\/www.sudoestehoje.com.br\/novoportal\/wp-json\/wp\/v2\/users\/2"}],"replies":[{"embeddable":true,"href":"https:\/\/www.sudoestehoje.com.br\/novoportal\/wp-json\/wp\/v2\/comments?post=105910"}],"version-history":[{"count":3,"href":"https:\/\/www.sudoestehoje.com.br\/novoportal\/wp-json\/wp\/v2\/posts\/105910\/revisions"}],"predecessor-version":[{"id":105914,"href":"https:\/\/www.sudoestehoje.com.br\/novoportal\/wp-json\/wp\/v2\/posts\/105910\/revisions\/105914"}],"wp:featuredmedia":[{"embeddable":true,"href":"https:\/\/www.sudoestehoje.com.br\/novoportal\/wp-json\/wp\/v2\/media\/105911"}],"wp:attachment":[{"href":"https:\/\/www.sudoestehoje.com.br\/novoportal\/wp-json\/wp\/v2\/media?parent=105910"}],"wp:term":[{"taxonomy":"category","embeddable":true,"href":"https:\/\/www.sudoestehoje.com.br\/novoportal\/wp-json\/wp\/v2\/categories?post=105910"},{"taxonomy":"post_tag","embeddable":true,"href":"https:\/\/www.sudoestehoje.com.br\/novoportal\/wp-json\/wp\/v2\/tags?post=105910"}],"curies":[{"name":"wp","href":"https:\/\/api.w.org\/{rel}","templated":true}]}}