
{"id":105888,"date":"2022-11-02T10:23:10","date_gmt":"2022-11-02T13:23:10","guid":{"rendered":"https:\/\/www.sudoestehoje.com.br\/novoportal\/?p=105888"},"modified":"2022-11-03T10:27:42","modified_gmt":"2022-11-03T13:27:42","slug":"pecuaria-adab-inicia-2a-etapa-da-vacinacao-contra-febre-aftosa-na-bahia","status":"publish","type":"post","link":"https:\/\/www.sudoestehoje.com.br\/novoportal\/2022\/11\/02\/pecuaria-adab-inicia-2a-etapa-da-vacinacao-contra-febre-aftosa-na-bahia\/","title":{"rendered":"PECU\u00c1RIA | ADAB INICIA 2\u00aa ETAPA DA VACINA\u00c7\u00c3O CONTRA FEBRE AFTOSA NA BAHIA"},"content":{"rendered":"<div id=\"chunk-3sl25\">\n<div class=\"mc-column content-text active-extra-styles \" data-block-type=\"unstyled\" data-block-weight=\"26\" data-block-id=\"3\">\n<p data-track-category=\"Link no Texto\" data-track-links=\"\"><a href=\"https:\/\/www.sudoestehoje.com.br\/novoportal\/wp-content\/uploads\/2022\/11\/gado_campanha-aftosa2_2.jpg\"><img loading=\"lazy\" decoding=\"async\" class=\"aligncenter size-medium wp-image-105890\" src=\"https:\/\/www.sudoestehoje.com.br\/novoportal\/wp-content\/uploads\/2022\/11\/gado_campanha-aftosa2_2-500x333.jpg\" alt=\"\" width=\"500\" height=\"333\" srcset=\"https:\/\/www.sudoestehoje.com.br\/novoportal\/wp-content\/uploads\/2022\/11\/gado_campanha-aftosa2_2-500x333.jpg 500w, https:\/\/www.sudoestehoje.com.br\/novoportal\/wp-content\/uploads\/2022\/11\/gado_campanha-aftosa2_2.jpg 600w\" sizes=\"auto, (max-width: 500px) 100vw, 500px\" \/><\/a><\/p>\n<p class=\"content-text__container \" data-track-category=\"Link no Texto\" data-track-links=\"\">A Ag\u00eancia de Defesa Agropecu\u00e1ria da Bahia (Adab) iniciou nesta ter\u00e7a-feira (1\u00ba), a 2\u00aa etapa de vacina\u00e7\u00e3o contra a febre aftosa em todo o estado.<\/p>\n<\/div>\n<\/div>\n<div class=\"wall protected-content\">\n<div id=\"chunk-8emjk\">\n<div class=\"mc-column content-text active-extra-styles \" data-block-type=\"unstyled\" data-block-weight=\"44\" data-block-id=\"4\">\n<p class=\"content-text__container \" data-track-category=\"Link no Texto\" data-track-links=\"\">A meta \u00e9 imunizar 100% do rebanho ou alcan\u00e7ar \u00edndice superior aos 94,70% da \u00faltima campanha,\u00a0que foi realizada entre os meses de maio e junho deste ano<a href=\"https:\/\/g1.globo.com\/ba\/bahia\/noticia\/2021\/05\/30\/com-falta-de-imunizantes-vacinacao-contra-febre-aftosa-e-prorrogada-ate-30-de-junho-na-bahia.ghtml\">.<\/a>\u00a0As explora\u00e7\u00f5es pecu\u00e1rias ocorrem em aproximadamente 300 mil propriedades que precisam estar no sistema da Adab.<\/p>\n<\/div>\n<\/div>\n<div id=\"chunk-e9inb\">\n<div class=\"mc-column content-text active-extra-styles \" data-block-type=\"unstyled\" data-block-weight=\"64\" data-block-id=\"5\">\n<p class=\"content-text__container \" data-track-category=\"Link no Texto\" data-track-links=\"\">Ap\u00f3s a vacina\u00e7\u00e3o dos animais, o produtor tem at\u00e9 15 dias para fazer a declara\u00e7\u00e3o da vacina\u00e7\u00e3o. O procedimento pode ser feito atrav\u00e9s do<a href=\"http:\/\/www.adab.ba.gov.br\/\" target=\"_blank\" rel=\"noopener\">\u00a0site da Adab<\/a>, ou em qualquer escrit\u00f3rio da Ag\u00eancia.\u00a0<span class=\"highlight highlighted\">\u00c9 preciso apresentar a rela\u00e7\u00e3o de bovinos e bubalinos nascidos, mortos e vacinados, discriminados por quantidade, sexo e idade, juntamente com a nota ou cupom fiscal de compra da vacina.<\/span><\/p>\n<\/div>\n<\/div>\n<\/div>\n","protected":false},"excerpt":{"rendered":"<p>A Ag\u00eancia de Defesa Agropecu\u00e1ria da Bahia (Adab) iniciou nesta ter\u00e7a-feira (1\u00ba), a 2\u00aa etapa de vacina\u00e7\u00e3o contra a febre aftosa em todo o estado. A meta \u00e9 imunizar 100% do rebanho ou alcan\u00e7ar \u00edndice superior aos 94,70% da \u00faltima campanha,\u00a0que foi realizada entre os meses de maio e junho deste ano.\u00a0As explora\u00e7\u00f5es pecu\u00e1rias ocorrem [&hellip;]<\/p>\n","protected":false},"author":2,"featured_media":105890,"comment_status":"closed","ping_status":"open","sticky":false,"template":"","format":"standard","meta":{"footnotes":"","_links_to":"","_links_to_target":""},"categories":[1],"tags":[],"class_list":["post-105888","post","type-post","status-publish","format-standard","has-post-thumbnail","hentry","category-geral"],"views":808,"_links":{"self":[{"href":"https:\/\/www.sudoestehoje.com.br\/novoportal\/wp-json\/wp\/v2\/posts\/105888","targetHints":{"allow":["GET"]}}],"collection":[{"href":"https:\/\/www.sudoestehoje.com.br\/novoportal\/wp-json\/wp\/v2\/posts"}],"about":[{"href":"https:\/\/www.sudoestehoje.com.br\/novoportal\/wp-json\/wp\/v2\/types\/post"}],"author":[{"embeddable":true,"href":"https:\/\/www.sudoestehoje.com.br\/novoportal\/wp-json\/wp\/v2\/users\/2"}],"replies":[{"embeddable":true,"href":"https:\/\/www.sudoestehoje.com.br\/novoportal\/wp-json\/wp\/v2\/comments?post=105888"}],"version-history":[{"count":4,"href":"https:\/\/www.sudoestehoje.com.br\/novoportal\/wp-json\/wp\/v2\/posts\/105888\/revisions"}],"predecessor-version":[{"id":105893,"href":"https:\/\/www.sudoestehoje.com.br\/novoportal\/wp-json\/wp\/v2\/posts\/105888\/revisions\/105893"}],"wp:featuredmedia":[{"embeddable":true,"href":"https:\/\/www.sudoestehoje.com.br\/novoportal\/wp-json\/wp\/v2\/media\/105890"}],"wp:attachment":[{"href":"https:\/\/www.sudoestehoje.com.br\/novoportal\/wp-json\/wp\/v2\/media?parent=105888"}],"wp:term":[{"taxonomy":"category","embeddable":true,"href":"https:\/\/www.sudoestehoje.com.br\/novoportal\/wp-json\/wp\/v2\/categories?post=105888"},{"taxonomy":"post_tag","embeddable":true,"href":"https:\/\/www.sudoestehoje.com.br\/novoportal\/wp-json\/wp\/v2\/tags?post=105888"}],"curies":[{"name":"wp","href":"https:\/\/api.w.org\/{rel}","templated":true}]}}