
{"id":105855,"date":"2022-11-01T11:06:10","date_gmt":"2022-11-01T14:06:10","guid":{"rendered":"https:\/\/www.sudoestehoje.com.br\/novoportal\/?p=105855"},"modified":"2022-11-01T11:11:06","modified_gmt":"2022-11-01T14:11:06","slug":"rodovias-baianas-registraram-10-pontos-de-bloqueio-ate-a-madrugada-desta-terca","status":"publish","type":"post","link":"https:\/\/www.sudoestehoje.com.br\/novoportal\/2022\/11\/01\/rodovias-baianas-registraram-10-pontos-de-bloqueio-ate-a-madrugada-desta-terca\/","title":{"rendered":"RODOVIAS BAIANAS REGISTRARAM 10 PONTOS DE BLOQUEIO AT\u00c9 A MADRUGADA DESTA TER\u00c7A"},"content":{"rendered":"<p><a href=\"https:\/\/www.sudoestehoje.com.br\/novoportal\/wp-content\/uploads\/2022\/11\/PRF-BA-1000x530-1.jpg\"><img loading=\"lazy\" decoding=\"async\" class=\"aligncenter size-medium wp-image-105857\" src=\"https:\/\/www.sudoestehoje.com.br\/novoportal\/wp-content\/uploads\/2022\/11\/PRF-BA-1000x530-1-500x265.jpg\" alt=\"\" width=\"500\" height=\"265\" srcset=\"https:\/\/www.sudoestehoje.com.br\/novoportal\/wp-content\/uploads\/2022\/11\/PRF-BA-1000x530-1-500x265.jpg 500w, https:\/\/www.sudoestehoje.com.br\/novoportal\/wp-content\/uploads\/2022\/11\/PRF-BA-1000x530-1-700x371.jpg 700w, https:\/\/www.sudoestehoje.com.br\/novoportal\/wp-content\/uploads\/2022\/11\/PRF-BA-1000x530-1-768x407.jpg 768w, https:\/\/www.sudoestehoje.com.br\/novoportal\/wp-content\/uploads\/2022\/11\/PRF-BA-1000x530-1.jpg 1000w\" sizes=\"auto, (max-width: 500px) 100vw, 500px\" \/><\/a><\/p>\n<p>Pelo menos 10 trechos de rodovias na Bahia registraram bloqueios entre segunda-feira (31) e a madrugada desta ter\u00e7a (1\u00b0). Os manifestantes protestam contra o resultado das elei\u00e7\u00f5es, que deram a vit\u00f3ria a Luiz In\u00e1cio Lula da Silva (PT).<\/p>\n<p>Os atos tiveram in\u00edcio na noite de domingo (30) logo ap\u00f3s os resultados do segundo turno. O movimento teria come\u00e7ado por caminhoneiros em Lu\u00eds Eduardo Magalh\u00e3es, no oeste da Bahia, segundo informa\u00e7\u00f5es da CNN.<\/p>\n<p>No boletim divulgado no in\u00edcio da manh\u00e3 desta ter\u00e7a-feira, a Pol\u00edcia Rodovi\u00e1ria Federal (PRF) informou que um bloqueio est\u00e1 em curso nas rodovias do estado. A interdi\u00e7\u00e3o total da pista foi causada por queima de res\u00edduos durante um protesto no km 744 da BR-101, em trecho da cidade de Itabela, no extremo sul da Bahia.<\/p>\n<p>A manifesta\u00e7\u00e3o come\u00e7ou por volta das 22h e terminou \u00e0s 2h15, segundo informou a PRF. No entanto, a pista ainda n\u00e3o foi liberada por causa da areia e barro deixados no local.<\/p>\n<p>Outros nove protestos nas regi\u00f5es de Lu\u00eds Eduardo Magalh\u00e3es, Correntina, Feira de Santana, Mucuri, Vit\u00f3ria da Conquista, Barreiras e Jacobina j\u00e1 haviam sido finalizados at\u00e9 \u00e0s 4h39 desta ter\u00e7a e as pistas liberadas nesses trechos, ainda de acordo com a PRF.<\/p>\n","protected":false},"excerpt":{"rendered":"<p>Pelo menos 10 trechos de rodovias na Bahia registraram bloqueios entre segunda-feira (31) e a madrugada desta ter\u00e7a (1\u00b0). Os manifestantes protestam contra o resultado das elei\u00e7\u00f5es, que deram a vit\u00f3ria a Luiz In\u00e1cio Lula da Silva (PT). Os atos tiveram in\u00edcio na noite de domingo (30) logo ap\u00f3s os resultados do segundo turno. O [&hellip;]<\/p>\n","protected":false},"author":2,"featured_media":105857,"comment_status":"closed","ping_status":"open","sticky":false,"template":"","format":"standard","meta":{"footnotes":"","_links_to":"","_links_to_target":""},"categories":[1],"tags":[],"class_list":["post-105855","post","type-post","status-publish","format-standard","has-post-thumbnail","hentry","category-geral"],"views":734,"_links":{"self":[{"href":"https:\/\/www.sudoestehoje.com.br\/novoportal\/wp-json\/wp\/v2\/posts\/105855","targetHints":{"allow":["GET"]}}],"collection":[{"href":"https:\/\/www.sudoestehoje.com.br\/novoportal\/wp-json\/wp\/v2\/posts"}],"about":[{"href":"https:\/\/www.sudoestehoje.com.br\/novoportal\/wp-json\/wp\/v2\/types\/post"}],"author":[{"embeddable":true,"href":"https:\/\/www.sudoestehoje.com.br\/novoportal\/wp-json\/wp\/v2\/users\/2"}],"replies":[{"embeddable":true,"href":"https:\/\/www.sudoestehoje.com.br\/novoportal\/wp-json\/wp\/v2\/comments?post=105855"}],"version-history":[{"count":2,"href":"https:\/\/www.sudoestehoje.com.br\/novoportal\/wp-json\/wp\/v2\/posts\/105855\/revisions"}],"predecessor-version":[{"id":105858,"href":"https:\/\/www.sudoestehoje.com.br\/novoportal\/wp-json\/wp\/v2\/posts\/105855\/revisions\/105858"}],"wp:featuredmedia":[{"embeddable":true,"href":"https:\/\/www.sudoestehoje.com.br\/novoportal\/wp-json\/wp\/v2\/media\/105857"}],"wp:attachment":[{"href":"https:\/\/www.sudoestehoje.com.br\/novoportal\/wp-json\/wp\/v2\/media?parent=105855"}],"wp:term":[{"taxonomy":"category","embeddable":true,"href":"https:\/\/www.sudoestehoje.com.br\/novoportal\/wp-json\/wp\/v2\/categories?post=105855"},{"taxonomy":"post_tag","embeddable":true,"href":"https:\/\/www.sudoestehoje.com.br\/novoportal\/wp-json\/wp\/v2\/tags?post=105855"}],"curies":[{"name":"wp","href":"https:\/\/api.w.org\/{rel}","templated":true}]}}