
{"id":105736,"date":"2022-10-25T21:46:43","date_gmt":"2022-10-26T00:46:43","guid":{"rendered":"https:\/\/www.sudoestehoje.com.br\/novoportal\/?p=105736"},"modified":"2022-11-01T11:17:04","modified_gmt":"2022-11-01T14:17:04","slug":"itapetinga-obras-de-revitalizacao-da-alameda-avancam-em-ritmo-acelerado","status":"publish","type":"post","link":"https:\/\/www.sudoestehoje.com.br\/novoportal\/2022\/10\/25\/itapetinga-obras-de-revitalizacao-da-alameda-avancam-em-ritmo-acelerado\/","title":{"rendered":"ITAPETINGA | OBRAS DE REVITALIZA\u00c7\u00c3O DA ALAMEDA AVAN\u00c7AM EM RITMO ACELERADO"},"content":{"rendered":"<p><a href=\"https:\/\/www.sudoestehoje.com.br\/novoportal\/wp-content\/uploads\/2022\/10\/WhatsApp-Image-2022-10-25-at-21.42.15.jpeg\"><img loading=\"lazy\" decoding=\"async\" class=\"aligncenter size-medium wp-image-105738\" src=\"https:\/\/www.sudoestehoje.com.br\/novoportal\/wp-content\/uploads\/2022\/10\/WhatsApp-Image-2022-10-25-at-21.42.15-500x282.jpeg\" alt=\"\" width=\"500\" height=\"282\" srcset=\"https:\/\/www.sudoestehoje.com.br\/novoportal\/wp-content\/uploads\/2022\/10\/WhatsApp-Image-2022-10-25-at-21.42.15-500x282.jpeg 500w, https:\/\/www.sudoestehoje.com.br\/novoportal\/wp-content\/uploads\/2022\/10\/WhatsApp-Image-2022-10-25-at-21.42.15-700x394.jpeg 700w, https:\/\/www.sudoestehoje.com.br\/novoportal\/wp-content\/uploads\/2022\/10\/WhatsApp-Image-2022-10-25-at-21.42.15-768x432.jpeg 768w, https:\/\/www.sudoestehoje.com.br\/novoportal\/wp-content\/uploads\/2022\/10\/WhatsApp-Image-2022-10-25-at-21.42.15-1536x865.jpeg 1536w, https:\/\/www.sudoestehoje.com.br\/novoportal\/wp-content\/uploads\/2022\/10\/WhatsApp-Image-2022-10-25-at-21.42.15.jpeg 1600w\" sizes=\"auto, (max-width: 500px) 100vw, 500px\" \/><\/a><\/p>\n<p>As obras de revitaliza\u00e7\u00e3o do velho centro comercial de Itapetinga, iniciadas 10 dias atr\u00e1s, avan\u00e7am em ritmo acelerado na Alameda Rui Barbosa, principal via do comercio local.<\/p>\n<p>De acordo com o secret\u00e1rio municipal da infraestrutura, Gustavo David, a revitaliza\u00e7\u00e3o do centro comercial deve prosseguir, abrangendo as ruas Bar\u00e3o do Rio Branco, Jos\u00e9 Bonif\u00e1cio e Jo\u00e3o Pessoa, que passar\u00e3o por reformas estruturais ap\u00f3s conclu\u00eddas as obras da Alameda Rui Barbosa.<\/p>\n<p>Ainda n\u00e3o h\u00e1 prazo estabelecido para a conclus\u00e3o, mas a ordem do prefeito Rodrigo Hagge \u00e9 acelerar os servi\u00e7os, para evitar transtornos ao com\u00e9rcio local, no per\u00edodo do Natal.<\/p>\n<p><strong><em>Por Davi Ferraz<\/em><\/strong><\/p>\n","protected":false},"excerpt":{"rendered":"<p>As obras de revitaliza\u00e7\u00e3o do velho centro comercial de Itapetinga, iniciadas 10 dias atr\u00e1s, avan\u00e7am em ritmo acelerado na Alameda Rui Barbosa, principal via do comercio local. De acordo com o secret\u00e1rio municipal da infraestrutura, Gustavo David, a revitaliza\u00e7\u00e3o do centro comercial deve prosseguir, abrangendo as ruas Bar\u00e3o do Rio Branco, Jos\u00e9 Bonif\u00e1cio e Jo\u00e3o [&hellip;]<\/p>\n","protected":false},"author":2,"featured_media":105738,"comment_status":"closed","ping_status":"open","sticky":false,"template":"","format":"standard","meta":{"footnotes":"","_links_to":"","_links_to_target":""},"categories":[1],"tags":[],"class_list":["post-105736","post","type-post","status-publish","format-standard","has-post-thumbnail","hentry","category-geral"],"views":813,"_links":{"self":[{"href":"https:\/\/www.sudoestehoje.com.br\/novoportal\/wp-json\/wp\/v2\/posts\/105736","targetHints":{"allow":["GET"]}}],"collection":[{"href":"https:\/\/www.sudoestehoje.com.br\/novoportal\/wp-json\/wp\/v2\/posts"}],"about":[{"href":"https:\/\/www.sudoestehoje.com.br\/novoportal\/wp-json\/wp\/v2\/types\/post"}],"author":[{"embeddable":true,"href":"https:\/\/www.sudoestehoje.com.br\/novoportal\/wp-json\/wp\/v2\/users\/2"}],"replies":[{"embeddable":true,"href":"https:\/\/www.sudoestehoje.com.br\/novoportal\/wp-json\/wp\/v2\/comments?post=105736"}],"version-history":[{"count":2,"href":"https:\/\/www.sudoestehoje.com.br\/novoportal\/wp-json\/wp\/v2\/posts\/105736\/revisions"}],"predecessor-version":[{"id":105739,"href":"https:\/\/www.sudoestehoje.com.br\/novoportal\/wp-json\/wp\/v2\/posts\/105736\/revisions\/105739"}],"wp:featuredmedia":[{"embeddable":true,"href":"https:\/\/www.sudoestehoje.com.br\/novoportal\/wp-json\/wp\/v2\/media\/105738"}],"wp:attachment":[{"href":"https:\/\/www.sudoestehoje.com.br\/novoportal\/wp-json\/wp\/v2\/media?parent=105736"}],"wp:term":[{"taxonomy":"category","embeddable":true,"href":"https:\/\/www.sudoestehoje.com.br\/novoportal\/wp-json\/wp\/v2\/categories?post=105736"},{"taxonomy":"post_tag","embeddable":true,"href":"https:\/\/www.sudoestehoje.com.br\/novoportal\/wp-json\/wp\/v2\/tags?post=105736"}],"curies":[{"name":"wp","href":"https:\/\/api.w.org\/{rel}","templated":true}]}}