
{"id":105726,"date":"2022-10-25T09:31:39","date_gmt":"2022-10-25T12:31:39","guid":{"rendered":"https:\/\/www.sudoestehoje.com.br\/novoportal\/?p=105726"},"modified":"2022-10-25T09:32:12","modified_gmt":"2022-10-25T12:32:12","slug":"defesa-civil-faz-alerta-para-chuvas-fortes-com-alagamentos-em-itapetinga","status":"publish","type":"post","link":"https:\/\/www.sudoestehoje.com.br\/novoportal\/2022\/10\/25\/defesa-civil-faz-alerta-para-chuvas-fortes-com-alagamentos-em-itapetinga\/","title":{"rendered":"DEFESA CIVIL FAZ ALERTA PARA CHUVAS FORTES COM ALAGAMENTOS EM ITAPETINGA"},"content":{"rendered":"<p><a href=\"https:\/\/www.sudoestehoje.com.br\/novoportal\/wp-content\/uploads\/2022\/10\/WhatsApp-Image-2022-10-25-at-09.25.17.jpeg\"><img loading=\"lazy\" decoding=\"async\" class=\"aligncenter size-medium wp-image-105728\" src=\"https:\/\/www.sudoestehoje.com.br\/novoportal\/wp-content\/uploads\/2022\/10\/WhatsApp-Image-2022-10-25-at-09.25.17-500x282.jpeg\" alt=\"\" width=\"500\" height=\"282\" srcset=\"https:\/\/www.sudoestehoje.com.br\/novoportal\/wp-content\/uploads\/2022\/10\/WhatsApp-Image-2022-10-25-at-09.25.17-500x282.jpeg 500w, https:\/\/www.sudoestehoje.com.br\/novoportal\/wp-content\/uploads\/2022\/10\/WhatsApp-Image-2022-10-25-at-09.25.17-700x394.jpeg 700w, https:\/\/www.sudoestehoje.com.br\/novoportal\/wp-content\/uploads\/2022\/10\/WhatsApp-Image-2022-10-25-at-09.25.17-768x432.jpeg 768w, https:\/\/www.sudoestehoje.com.br\/novoportal\/wp-content\/uploads\/2022\/10\/WhatsApp-Image-2022-10-25-at-09.25.17-1536x865.jpeg 1536w, https:\/\/www.sudoestehoje.com.br\/novoportal\/wp-content\/uploads\/2022\/10\/WhatsApp-Image-2022-10-25-at-09.25.17.jpeg 1600w\" sizes=\"auto, (max-width: 500px) 100vw, 500px\" \/><\/a><\/p>\n<p>Nesta segunda-feira (24), a Defesa Civil de Itapetinga divulgou ALERTA LARANJA sobre poss\u00edveis temporais durante os pr\u00f3ximos dias, com possibilidade de alagamentos em algumas \u00e1reas cr\u00edticas da cidade, como a Baixada dos Ciganos, Beira Rio, Casas Populares, Residencial Moacyr Moura e toda a \u00e1rea que margeia o Rio Catol\u00e9.<\/p>\n<p>Apesar da chuva fina de ontem (segunda), temporais podem ocorrer, de acordo previs\u00f5es dos institutos de meteorologia.<\/p>\n<p>Em outras cidades das regi\u00f5es Sudoeste e Sul da Bahia, chuvas fortes causaram alagamentos e transtornos em Itabuna, Itoror\u00f3, Vit\u00f3ria da Conquista e outras.<\/p>\n<p><strong><em>Por Davi Ferraz\u00a0<\/em> <\/strong><\/p>\n","protected":false},"excerpt":{"rendered":"<p>Nesta segunda-feira (24), a Defesa Civil de Itapetinga divulgou ALERTA LARANJA sobre poss\u00edveis temporais durante os pr\u00f3ximos dias, com possibilidade de alagamentos em algumas \u00e1reas cr\u00edticas da cidade, como a Baixada dos Ciganos, Beira Rio, Casas Populares, Residencial Moacyr Moura e toda a \u00e1rea que margeia o Rio Catol\u00e9. Apesar da chuva fina de ontem [&hellip;]<\/p>\n","protected":false},"author":2,"featured_media":105728,"comment_status":"open","ping_status":"open","sticky":false,"template":"","format":"standard","meta":{"footnotes":"","_links_to":"","_links_to_target":""},"categories":[1],"tags":[],"class_list":["post-105726","post","type-post","status-publish","format-standard","has-post-thumbnail","hentry","category-geral"],"views":886,"_links":{"self":[{"href":"https:\/\/www.sudoestehoje.com.br\/novoportal\/wp-json\/wp\/v2\/posts\/105726","targetHints":{"allow":["GET"]}}],"collection":[{"href":"https:\/\/www.sudoestehoje.com.br\/novoportal\/wp-json\/wp\/v2\/posts"}],"about":[{"href":"https:\/\/www.sudoestehoje.com.br\/novoportal\/wp-json\/wp\/v2\/types\/post"}],"author":[{"embeddable":true,"href":"https:\/\/www.sudoestehoje.com.br\/novoportal\/wp-json\/wp\/v2\/users\/2"}],"replies":[{"embeddable":true,"href":"https:\/\/www.sudoestehoje.com.br\/novoportal\/wp-json\/wp\/v2\/comments?post=105726"}],"version-history":[{"count":3,"href":"https:\/\/www.sudoestehoje.com.br\/novoportal\/wp-json\/wp\/v2\/posts\/105726\/revisions"}],"predecessor-version":[{"id":105730,"href":"https:\/\/www.sudoestehoje.com.br\/novoportal\/wp-json\/wp\/v2\/posts\/105726\/revisions\/105730"}],"wp:featuredmedia":[{"embeddable":true,"href":"https:\/\/www.sudoestehoje.com.br\/novoportal\/wp-json\/wp\/v2\/media\/105728"}],"wp:attachment":[{"href":"https:\/\/www.sudoestehoje.com.br\/novoportal\/wp-json\/wp\/v2\/media?parent=105726"}],"wp:term":[{"taxonomy":"category","embeddable":true,"href":"https:\/\/www.sudoestehoje.com.br\/novoportal\/wp-json\/wp\/v2\/categories?post=105726"},{"taxonomy":"post_tag","embeddable":true,"href":"https:\/\/www.sudoestehoje.com.br\/novoportal\/wp-json\/wp\/v2\/tags?post=105726"}],"curies":[{"name":"wp","href":"https:\/\/api.w.org\/{rel}","templated":true}]}}