
{"id":105718,"date":"2022-10-25T08:57:23","date_gmt":"2022-10-25T11:57:23","guid":{"rendered":"https:\/\/www.sudoestehoje.com.br\/novoportal\/?p=105718"},"modified":"2022-10-25T09:06:04","modified_gmt":"2022-10-25T12:06:04","slug":"itapetinga-apoiadores-de-acm-neto-e-bolsonaro-tracam-estrategias-para-reta-final-da-campanha","status":"publish","type":"post","link":"https:\/\/www.sudoestehoje.com.br\/novoportal\/2022\/10\/25\/itapetinga-apoiadores-de-acm-neto-e-bolsonaro-tracam-estrategias-para-reta-final-da-campanha\/","title":{"rendered":"ITAPETINGA | APOIADORES DE ACM NETO E BOLSONARO TRA\u00c7AM ESTRAT\u00c9GIAS PARA RETA FINAL DA CAMPANHA"},"content":{"rendered":"<p><a href=\"https:\/\/www.sudoestehoje.com.br\/novoportal\/wp-content\/uploads\/2022\/10\/312958745_1483920015368430_8563310402916046348_n.jpg\"><img loading=\"lazy\" decoding=\"async\" class=\"aligncenter size-medium wp-image-105721\" src=\"https:\/\/www.sudoestehoje.com.br\/novoportal\/wp-content\/uploads\/2022\/10\/312958745_1483920015368430_8563310402916046348_n-500x401.jpg\" alt=\"\" width=\"500\" height=\"401\" srcset=\"https:\/\/www.sudoestehoje.com.br\/novoportal\/wp-content\/uploads\/2022\/10\/312958745_1483920015368430_8563310402916046348_n-500x401.jpg 500w, https:\/\/www.sudoestehoje.com.br\/novoportal\/wp-content\/uploads\/2022\/10\/312958745_1483920015368430_8563310402916046348_n-700x561.jpg 700w, https:\/\/www.sudoestehoje.com.br\/novoportal\/wp-content\/uploads\/2022\/10\/312958745_1483920015368430_8563310402916046348_n-768x615.jpg 768w, https:\/\/www.sudoestehoje.com.br\/novoportal\/wp-content\/uploads\/2022\/10\/312958745_1483920015368430_8563310402916046348_n.jpg 1440w\" sizes=\"auto, (max-width: 500px) 100vw, 500px\" \/><\/a><\/p>\n<p>Visando a reta final da campanha presidencial e estadual neste segundo turno, os partidos que apoiam o presidente Jair Bolsonaro e o candidato ao governo da Bahia, ACM Neto, se reuniram na noite desta segunda-feira (24) para tra\u00e7ar estrat\u00e9gias conjuntas de atua\u00e7\u00e3o.<\/p>\n<p>Sob a coordena\u00e7\u00e3o do prefeito Rodrigo Hagge e do vice Renan Pereira, lideran\u00e7as pol\u00edticas afinaram a forma de atua\u00e7\u00e3o at\u00e9 o dia das elei\u00e7\u00f5es, incluindo as atividades a serem desenvolvidas durante a semana decisiva do pleito.<\/p>\n<p>O objetivo \u00e9 ampliar a vota\u00e7\u00e3o dos dois candidatos em Itapetinga.<\/p>\n<p><strong>AGENDA 22 E 44- RETA FINAL!<\/strong><\/p>\n<p><strong>Ter\u00e7a-feira &#8211; Piseiro na Vila Rosa &#8211; Sa\u00edda do PSF \u00e0s 16H.<\/strong><\/p>\n<p><strong>Quarta-feira &#8211; Piseiro no Quintas do Morumbi &#8211; Sa\u00edda do Forr\u00f3 do Candeeiro \u00e0s 16H.<\/strong><\/p>\n<p><strong>Quinta-feira &#8211; Piseiro na Nova Itapetinga &#8211; Sa\u00edda da SIBI \u00e0s 16H.<\/strong><\/p>\n<p><strong>Sexta-feira &#8211; Giros pela cidade \u00e0s 11H (carros de passeio, carros de som, motos, fogos) <\/strong><br \/>\n<strong>Por fim, Piseiro.<\/strong><\/p>\n<p><strong>S\u00e1bado -Adesiva\u00e7o em frente a prefeitura \/ descida lateral da PIBI \u00e0s 09H.<\/strong><br \/>\n<strong>\u00c0 noite, 19H, adesiva\u00e7o sem\u00e1foro.<\/strong><\/p>\n<p><strong><em>Por Davi Ferraz<\/em><\/strong><\/p>\n","protected":false},"excerpt":{"rendered":"<p>Visando a reta final da campanha presidencial e estadual neste segundo turno, os partidos que apoiam o presidente Jair Bolsonaro e o candidato ao governo da Bahia, ACM Neto, se reuniram na noite desta segunda-feira (24) para tra\u00e7ar estrat\u00e9gias conjuntas de atua\u00e7\u00e3o. Sob a coordena\u00e7\u00e3o do prefeito Rodrigo Hagge e do vice Renan Pereira, lideran\u00e7as [&hellip;]<\/p>\n","protected":false},"author":2,"featured_media":105721,"comment_status":"open","ping_status":"open","sticky":false,"template":"","format":"standard","meta":{"footnotes":"","_links_to":"","_links_to_target":""},"categories":[1],"tags":[],"class_list":["post-105718","post","type-post","status-publish","format-standard","has-post-thumbnail","hentry","category-geral"],"views":947,"_links":{"self":[{"href":"https:\/\/www.sudoestehoje.com.br\/novoportal\/wp-json\/wp\/v2\/posts\/105718","targetHints":{"allow":["GET"]}}],"collection":[{"href":"https:\/\/www.sudoestehoje.com.br\/novoportal\/wp-json\/wp\/v2\/posts"}],"about":[{"href":"https:\/\/www.sudoestehoje.com.br\/novoportal\/wp-json\/wp\/v2\/types\/post"}],"author":[{"embeddable":true,"href":"https:\/\/www.sudoestehoje.com.br\/novoportal\/wp-json\/wp\/v2\/users\/2"}],"replies":[{"embeddable":true,"href":"https:\/\/www.sudoestehoje.com.br\/novoportal\/wp-json\/wp\/v2\/comments?post=105718"}],"version-history":[{"count":6,"href":"https:\/\/www.sudoestehoje.com.br\/novoportal\/wp-json\/wp\/v2\/posts\/105718\/revisions"}],"predecessor-version":[{"id":105725,"href":"https:\/\/www.sudoestehoje.com.br\/novoportal\/wp-json\/wp\/v2\/posts\/105718\/revisions\/105725"}],"wp:featuredmedia":[{"embeddable":true,"href":"https:\/\/www.sudoestehoje.com.br\/novoportal\/wp-json\/wp\/v2\/media\/105721"}],"wp:attachment":[{"href":"https:\/\/www.sudoestehoje.com.br\/novoportal\/wp-json\/wp\/v2\/media?parent=105718"}],"wp:term":[{"taxonomy":"category","embeddable":true,"href":"https:\/\/www.sudoestehoje.com.br\/novoportal\/wp-json\/wp\/v2\/categories?post=105718"},{"taxonomy":"post_tag","embeddable":true,"href":"https:\/\/www.sudoestehoje.com.br\/novoportal\/wp-json\/wp\/v2\/tags?post=105718"}],"curies":[{"name":"wp","href":"https:\/\/api.w.org\/{rel}","templated":true}]}}