
{"id":1057,"date":"2010-10-08T21:47:02","date_gmt":"2010-10-09T00:47:02","guid":{"rendered":"http:\/\/sudoestehoje.tempsite.ws\/novoportal\/?p=1057"},"modified":"2010-10-08T21:47:02","modified_gmt":"2010-10-09T00:47:02","slug":"eleicoes-jose-serra-visita-conquista-e-participa-de-carreata","status":"publish","type":"post","link":"https:\/\/www.sudoestehoje.com.br\/novoportal\/2010\/10\/08\/eleicoes-jose-serra-visita-conquista-e-participa-de-carreata\/","title":{"rendered":"Elei\u00e7\u00f5es: Jos\u00e9 Serra visita Conquista e participa de carreata"},"content":{"rendered":"<p style=\"text-align: center;\"><a rel=\"attachment wp-att-1058\" href=\"http:\/\/sudoestehoje.tempsite.ws\/novoportal\/2010\/10\/08\/eleicoes-jose-serra-visita-conquista-e-participa-de-carreata\/100_3605\/\"><img loading=\"lazy\" decoding=\"async\" class=\"size-medium wp-image-1058  aligncenter\" title=\"100_3605\" src=\"http:\/\/sudoestehoje.tempsite.ws\/novoportal\/wp-content\/uploads\/2010\/10\/100_3605-500x375.jpg\" alt=\"\" width=\"500\" height=\"375\" srcset=\"https:\/\/www.sudoestehoje.com.br\/novoportal\/wp-content\/uploads\/2010\/10\/100_3605-500x375.jpg 500w, https:\/\/www.sudoestehoje.com.br\/novoportal\/wp-content\/uploads\/2010\/10\/100_3605-1024x768.jpg 1024w\" sizes=\"auto, (max-width: 500px) 100vw, 500px\" \/><\/a><\/p>\n<p style=\"text-align: center;\"><strong>Serra em carreata pelas ruas de Vit\u00f3ria da Conquista (Foto: Sudoeste Hoje)<\/strong><\/p>\n<p>\u00a0<\/p>\n<p>VIT\u00d3RIA DA CONQUISTA: O candidato Jos\u00e9 Serra (PSDB) visitou a cidade de Vit\u00f3ria da Conquista, no Sudoeste baiano, na tarde desta sexta-feira. Acompanhado de toda a c\u00fapula democrata e dos deputados tucanos\u00a0Ant\u00f4nio Imbassay e Juthay Jr., Serra foi recebido por uma multid\u00e3o no aeroporto, seguindo em carreata\u00a0 at\u00e9 o\u00a0centro da cidade, onde realizou uma caminhada,\u00a0um\u00a0encontro com lideran\u00e7as locais e regionais e uma coletiva com a imprensa.<\/p>\n<p>De acordo com a coordena\u00e7\u00e3o de campanha tucana,\u00a0 a visita do presidenci\u00e1vel\u00a0ao munic\u00edpio\u00a0foi \u00a0para agradecer o triunfo no primeiro turno, sobre a candidata Dilma Rousseff (PT). Vit\u00f3ria da Conquista foi o \u00fanico munic\u00edpio baiano em que Serra obteve vit\u00f3ria sobre a candidata petista.<\/p>\n<p>Davi Ferraz<\/p>\n","protected":false},"excerpt":{"rendered":"<p>Serra em carreata pelas ruas de Vit\u00f3ria da Conquista (Foto: Sudoeste Hoje) \u00a0 VIT\u00d3RIA DA CONQUISTA: O candidato Jos\u00e9 Serra (PSDB) visitou a cidade de Vit\u00f3ria da Conquista, no Sudoeste baiano, na tarde desta sexta-feira. Acompanhado de toda a c\u00fapula democrata e dos deputados tucanos\u00a0Ant\u00f4nio Imbassay e Juthay Jr., Serra foi recebido por uma multid\u00e3o [&hellip;]<\/p>\n","protected":false},"author":2,"featured_media":0,"comment_status":"open","ping_status":"open","sticky":false,"template":"","format":"standard","meta":{"footnotes":"","_links_to":"","_links_to_target":""},"categories":[1],"tags":[],"class_list":["post-1057","post","type-post","status-publish","format-standard","hentry","category-geral"],"views":1138,"_links":{"self":[{"href":"https:\/\/www.sudoestehoje.com.br\/novoportal\/wp-json\/wp\/v2\/posts\/1057","targetHints":{"allow":["GET"]}}],"collection":[{"href":"https:\/\/www.sudoestehoje.com.br\/novoportal\/wp-json\/wp\/v2\/posts"}],"about":[{"href":"https:\/\/www.sudoestehoje.com.br\/novoportal\/wp-json\/wp\/v2\/types\/post"}],"author":[{"embeddable":true,"href":"https:\/\/www.sudoestehoje.com.br\/novoportal\/wp-json\/wp\/v2\/users\/2"}],"replies":[{"embeddable":true,"href":"https:\/\/www.sudoestehoje.com.br\/novoportal\/wp-json\/wp\/v2\/comments?post=1057"}],"version-history":[{"count":5,"href":"https:\/\/www.sudoestehoje.com.br\/novoportal\/wp-json\/wp\/v2\/posts\/1057\/revisions"}],"predecessor-version":[{"id":1063,"href":"https:\/\/www.sudoestehoje.com.br\/novoportal\/wp-json\/wp\/v2\/posts\/1057\/revisions\/1063"}],"wp:attachment":[{"href":"https:\/\/www.sudoestehoje.com.br\/novoportal\/wp-json\/wp\/v2\/media?parent=1057"}],"wp:term":[{"taxonomy":"category","embeddable":true,"href":"https:\/\/www.sudoestehoje.com.br\/novoportal\/wp-json\/wp\/v2\/categories?post=1057"},{"taxonomy":"post_tag","embeddable":true,"href":"https:\/\/www.sudoestehoje.com.br\/novoportal\/wp-json\/wp\/v2\/tags?post=1057"}],"curies":[{"name":"wp","href":"https:\/\/api.w.org\/{rel}","templated":true}]}}