
{"id":105683,"date":"2022-10-21T13:00:24","date_gmt":"2022-10-21T16:00:24","guid":{"rendered":"https:\/\/www.sudoestehoje.com.br\/novoportal\/?p=105683"},"modified":"2022-10-21T13:00:24","modified_gmt":"2022-10-21T16:00:24","slug":"economia-guedes-garante-reajuste-das-aposentadorias-e-do-salario-minimo","status":"publish","type":"post","link":"https:\/\/www.sudoestehoje.com.br\/novoportal\/2022\/10\/21\/economia-guedes-garante-reajuste-das-aposentadorias-e-do-salario-minimo\/","title":{"rendered":"ECONOMIA | GUEDES GARANTE REAJUSTE DAS APOSENTADORIAS E DO SAL\u00c1RIO M\u00cdNIMO"},"content":{"rendered":"<p><a href=\"https:\/\/www.sudoestehoje.com.br\/novoportal\/wp-content\/uploads\/2022\/10\/WhatsApp-Image-2022-10-21-at-08.43.12.jpeg\"><img loading=\"lazy\" decoding=\"async\" class=\"aligncenter size-medium wp-image-105685\" src=\"https:\/\/www.sudoestehoje.com.br\/novoportal\/wp-content\/uploads\/2022\/10\/WhatsApp-Image-2022-10-21-at-08.43.12-500x301.jpeg\" alt=\"\" width=\"500\" height=\"301\" srcset=\"https:\/\/www.sudoestehoje.com.br\/novoportal\/wp-content\/uploads\/2022\/10\/WhatsApp-Image-2022-10-21-at-08.43.12-500x301.jpeg 500w, https:\/\/www.sudoestehoje.com.br\/novoportal\/wp-content\/uploads\/2022\/10\/WhatsApp-Image-2022-10-21-at-08.43.12-700x422.jpeg 700w, https:\/\/www.sudoestehoje.com.br\/novoportal\/wp-content\/uploads\/2022\/10\/WhatsApp-Image-2022-10-21-at-08.43.12.jpeg 714w\" sizes=\"auto, (max-width: 500px) 100vw, 500px\" \/><\/a><\/p>\n<p>O ministro da Economia, Paulo Guedes, afirmou que os reajustes da aposentadoria e do sal\u00e1rio m\u00ednimo, hoje em R$ 1.212, est\u00e3o mantidos para o pr\u00f3ximo ano e os novos valores, que v\u00e3o vigorar a partir de janeiro de 2023, ser\u00e3o corrigidos pelo menos com a infla\u00e7\u00e3o.<\/p>\n<p>\u201c\u00c9 claro que agora em janeiro, fevereiro, os aposentados e o sal\u00e1rio m\u00ednimo ser\u00e3o corrigidos pelo menos igual a infla\u00e7\u00e3o\u201d, afirmou, em entrevista coletiva na quinta-feira 20, depois de participar de reuni\u00e3o da diretoria da Confedera\u00e7\u00e3o Nacional do Com\u00e9rcio de Bens, Servi\u00e7os e Turismo (CNC), no Rio de Janeiro.<\/p>\n<p>Em nota divulgada pelo Minist\u00e9rio da Economia, Guedes acrescentou que al\u00e9m da corre\u00e7\u00e3o da infla\u00e7\u00e3o, o porcentual de reajute pode, inclusive, ser acima do \u00cdndice Nacional de Pre\u00e7os ao Consumidor.<\/p>\n<p>Na entrevista, o ministro comentou sobre poss\u00edvel readequa\u00e7\u00e3o do teto de gastos, que ficou \u201ctodo furado\u201d e est\u00e1 \u201ccheio de goteiras\u201d em raz\u00e3o dos gastos de urg\u00eancia com a pandemia. Ele defendeu uma revis\u00e3o do teto de gastos, institu\u00eddo em 2016.<\/p>\n<p>Por\u00e9m, mesmo com eventuais mudan\u00e7as na vincula\u00e7\u00e3o de recursos, o ministro garantiu que as aposentadorias e o sal\u00e1rio m\u00ednimo n\u00e3o ter\u00e3o preju\u00edzo. \u201cNingu\u00e9m vai usar uma mudan\u00e7a de regra para prejudicar o sal\u00e1rio m\u00ednimo e os aposentados\u201d, garantiu.<\/p>\n<p>At\u00e9 2019, o sal\u00e1rio m\u00ednimo era reajustado segundo a f\u00f3rmula que previa o crescimento do Produto Interno Bruto (PIB) de dois anos anteriores mais a infla\u00e7\u00e3o oficial do ano anterior.<\/p>\n<p>O ministro disse tamb\u00e9m que os sal\u00e1rios do funcionalismo p\u00fablico dever\u00e3o ser reajustados, mas sem fornecer mais detalhes.<\/p>\n","protected":false},"excerpt":{"rendered":"<p>O ministro da Economia, Paulo Guedes, afirmou que os reajustes da aposentadoria e do sal\u00e1rio m\u00ednimo, hoje em R$ 1.212, est\u00e3o mantidos para o pr\u00f3ximo ano e os novos valores, que v\u00e3o vigorar a partir de janeiro de 2023, ser\u00e3o corrigidos pelo menos com a infla\u00e7\u00e3o. \u201c\u00c9 claro que agora em janeiro, fevereiro, os aposentados [&hellip;]<\/p>\n","protected":false},"author":2,"featured_media":105685,"comment_status":"open","ping_status":"open","sticky":false,"template":"","format":"standard","meta":{"footnotes":"","_links_to":"","_links_to_target":""},"categories":[1],"tags":[],"class_list":["post-105683","post","type-post","status-publish","format-standard","has-post-thumbnail","hentry","category-geral"],"views":890,"_links":{"self":[{"href":"https:\/\/www.sudoestehoje.com.br\/novoportal\/wp-json\/wp\/v2\/posts\/105683","targetHints":{"allow":["GET"]}}],"collection":[{"href":"https:\/\/www.sudoestehoje.com.br\/novoportal\/wp-json\/wp\/v2\/posts"}],"about":[{"href":"https:\/\/www.sudoestehoje.com.br\/novoportal\/wp-json\/wp\/v2\/types\/post"}],"author":[{"embeddable":true,"href":"https:\/\/www.sudoestehoje.com.br\/novoportal\/wp-json\/wp\/v2\/users\/2"}],"replies":[{"embeddable":true,"href":"https:\/\/www.sudoestehoje.com.br\/novoportal\/wp-json\/wp\/v2\/comments?post=105683"}],"version-history":[{"count":2,"href":"https:\/\/www.sudoestehoje.com.br\/novoportal\/wp-json\/wp\/v2\/posts\/105683\/revisions"}],"predecessor-version":[{"id":105686,"href":"https:\/\/www.sudoestehoje.com.br\/novoportal\/wp-json\/wp\/v2\/posts\/105683\/revisions\/105686"}],"wp:featuredmedia":[{"embeddable":true,"href":"https:\/\/www.sudoestehoje.com.br\/novoportal\/wp-json\/wp\/v2\/media\/105685"}],"wp:attachment":[{"href":"https:\/\/www.sudoestehoje.com.br\/novoportal\/wp-json\/wp\/v2\/media?parent=105683"}],"wp:term":[{"taxonomy":"category","embeddable":true,"href":"https:\/\/www.sudoestehoje.com.br\/novoportal\/wp-json\/wp\/v2\/categories?post=105683"},{"taxonomy":"post_tag","embeddable":true,"href":"https:\/\/www.sudoestehoje.com.br\/novoportal\/wp-json\/wp\/v2\/tags?post=105683"}],"curies":[{"name":"wp","href":"https:\/\/api.w.org\/{rel}","templated":true}]}}