
{"id":105674,"date":"2022-10-20T10:19:12","date_gmt":"2022-10-20T13:19:12","guid":{"rendered":"https:\/\/www.sudoestehoje.com.br\/novoportal\/?p=105674"},"modified":"2022-10-20T10:19:55","modified_gmt":"2022-10-20T13:19:55","slug":"pesquisa-mostra-que-bolsonaro-vai-vencer-a-eleicao-com-527-e-lula-tem-473","status":"publish","type":"post","link":"https:\/\/www.sudoestehoje.com.br\/novoportal\/2022\/10\/20\/pesquisa-mostra-que-bolsonaro-vai-vencer-a-eleicao-com-527-e-lula-tem-473\/","title":{"rendered":"PESQUISA MOSTRA QUE BOLSONARO VAI VENCER A ELEI\u00c7\u00c3O COM 52,7% E LULA TEM 47,3%"},"content":{"rendered":"<p><a href=\"https:\/\/www.sudoestehoje.com.br\/novoportal\/wp-content\/uploads\/2022\/10\/1618_1367f328-7ea5-417f-a239-e6970c307100-jpg.jpg\"><img loading=\"lazy\" decoding=\"async\" class=\"aligncenter size-medium wp-image-105675\" src=\"https:\/\/www.sudoestehoje.com.br\/novoportal\/wp-content\/uploads\/2022\/10\/1618_1367f328-7ea5-417f-a239-e6970c307100-jpg-500x489.jpg\" alt=\"\" width=\"500\" height=\"489\" srcset=\"https:\/\/www.sudoestehoje.com.br\/novoportal\/wp-content\/uploads\/2022\/10\/1618_1367f328-7ea5-417f-a239-e6970c307100-jpg-500x489.jpg 500w, https:\/\/www.sudoestehoje.com.br\/novoportal\/wp-content\/uploads\/2022\/10\/1618_1367f328-7ea5-417f-a239-e6970c307100-jpg-700x685.jpg 700w, https:\/\/www.sudoestehoje.com.br\/novoportal\/wp-content\/uploads\/2022\/10\/1618_1367f328-7ea5-417f-a239-e6970c307100-jpg-768x752.jpg 768w, https:\/\/www.sudoestehoje.com.br\/novoportal\/wp-content\/uploads\/2022\/10\/1618_1367f328-7ea5-417f-a239-e6970c307100-jpg.jpg 1024w\" sizes=\"auto, (max-width: 500px) 100vw, 500px\" \/><\/a><\/p>\n<p>Nova pesquisa do <strong>Instituto Brasmarket<\/strong> aponta o presidente Jair Bolsonaro (PL) liderando a corrida eleitoral pelo Pal\u00e1cio do Planalto no 2\u00ba turno. <strong>Bolsonaro aparece com 52,7%<\/strong> enquanto o ex-presidente<strong> Lula (PT) registrou 47,3%<\/strong> das inten\u00e7\u00f5es de voto. A diferen\u00e7a entre os dois candidatos \u00e9 de 5,4 pontos percentuais.<\/p>\n<p>Brancos e nulos somam 5,1% e indecisos, 4,3%. A pesquisa est\u00e1 registrada no TSE no n\u00famero BR-05389\/2022.<\/p>\n","protected":false},"excerpt":{"rendered":"<p>Nova pesquisa do Instituto Brasmarket aponta o presidente Jair Bolsonaro (PL) liderando a corrida eleitoral pelo Pal\u00e1cio do Planalto no 2\u00ba turno. Bolsonaro aparece com 52,7% enquanto o ex-presidente Lula (PT) registrou 47,3% das inten\u00e7\u00f5es de voto. A diferen\u00e7a entre os dois candidatos \u00e9 de 5,4 pontos percentuais. Brancos e nulos somam 5,1% e indecisos, [&hellip;]<\/p>\n","protected":false},"author":2,"featured_media":105675,"comment_status":"open","ping_status":"open","sticky":false,"template":"","format":"standard","meta":{"footnotes":"","_links_to":"","_links_to_target":""},"categories":[1],"tags":[],"class_list":["post-105674","post","type-post","status-publish","format-standard","has-post-thumbnail","hentry","category-geral"],"views":1096,"_links":{"self":[{"href":"https:\/\/www.sudoestehoje.com.br\/novoportal\/wp-json\/wp\/v2\/posts\/105674","targetHints":{"allow":["GET"]}}],"collection":[{"href":"https:\/\/www.sudoestehoje.com.br\/novoportal\/wp-json\/wp\/v2\/posts"}],"about":[{"href":"https:\/\/www.sudoestehoje.com.br\/novoportal\/wp-json\/wp\/v2\/types\/post"}],"author":[{"embeddable":true,"href":"https:\/\/www.sudoestehoje.com.br\/novoportal\/wp-json\/wp\/v2\/users\/2"}],"replies":[{"embeddable":true,"href":"https:\/\/www.sudoestehoje.com.br\/novoportal\/wp-json\/wp\/v2\/comments?post=105674"}],"version-history":[{"count":3,"href":"https:\/\/www.sudoestehoje.com.br\/novoportal\/wp-json\/wp\/v2\/posts\/105674\/revisions"}],"predecessor-version":[{"id":105678,"href":"https:\/\/www.sudoestehoje.com.br\/novoportal\/wp-json\/wp\/v2\/posts\/105674\/revisions\/105678"}],"wp:featuredmedia":[{"embeddable":true,"href":"https:\/\/www.sudoestehoje.com.br\/novoportal\/wp-json\/wp\/v2\/media\/105675"}],"wp:attachment":[{"href":"https:\/\/www.sudoestehoje.com.br\/novoportal\/wp-json\/wp\/v2\/media?parent=105674"}],"wp:term":[{"taxonomy":"category","embeddable":true,"href":"https:\/\/www.sudoestehoje.com.br\/novoportal\/wp-json\/wp\/v2\/categories?post=105674"},{"taxonomy":"post_tag","embeddable":true,"href":"https:\/\/www.sudoestehoje.com.br\/novoportal\/wp-json\/wp\/v2\/tags?post=105674"}],"curies":[{"name":"wp","href":"https:\/\/api.w.org\/{rel}","templated":true}]}}