
{"id":105618,"date":"2022-10-19T13:27:31","date_gmt":"2022-10-19T16:27:31","guid":{"rendered":"https:\/\/www.sudoestehoje.com.br\/novoportal\/?p=105618"},"modified":"2022-10-19T13:27:31","modified_gmt":"2022-10-19T16:27:31","slug":"procuradoria-eleitoral-pede-reprovacao-das-contas-de-lula-e-haddad-com-devolucao-de-r-88-milhoes","status":"publish","type":"post","link":"https:\/\/www.sudoestehoje.com.br\/novoportal\/2022\/10\/19\/procuradoria-eleitoral-pede-reprovacao-das-contas-de-lula-e-haddad-com-devolucao-de-r-88-milhoes\/","title":{"rendered":"PROCURADORIA ELEITORAL PEDE REPROVA\u00c7\u00c3O DAS CONTAS DE LULA E HADDAD COM DEVOLU\u00c7\u00c3O DE R$ 8,8 MILH\u00d5ES"},"content":{"rendered":"<p data-t=\"{&quot;n&quot;:&quot;blueLinks&quot;}\"><a href=\"https:\/\/www.sudoestehoje.com.br\/novoportal\/wp-content\/uploads\/2022\/10\/8ae4241582ce9976b02f28de6778a67b.webp\"><img loading=\"lazy\" decoding=\"async\" class=\"aligncenter size-medium wp-image-105621\" src=\"https:\/\/www.sudoestehoje.com.br\/novoportal\/wp-content\/uploads\/2022\/10\/8ae4241582ce9976b02f28de6778a67b-500x324.webp\" alt=\"\" width=\"500\" height=\"324\" srcset=\"https:\/\/www.sudoestehoje.com.br\/novoportal\/wp-content\/uploads\/2022\/10\/8ae4241582ce9976b02f28de6778a67b-500x324.webp 500w, https:\/\/www.sudoestehoje.com.br\/novoportal\/wp-content\/uploads\/2022\/10\/8ae4241582ce9976b02f28de6778a67b-700x454.webp 700w, https:\/\/www.sudoestehoje.com.br\/novoportal\/wp-content\/uploads\/2022\/10\/8ae4241582ce9976b02f28de6778a67b-768x498.webp 768w, https:\/\/www.sudoestehoje.com.br\/novoportal\/wp-content\/uploads\/2022\/10\/8ae4241582ce9976b02f28de6778a67b.webp 960w\" sizes=\"auto, (max-width: 500px) 100vw, 500px\" \/><\/a><\/p>\n<p data-t=\"{&quot;n&quot;:&quot;blueLinks&quot;}\">BRAS\u00cdLIA, DF (FOLHAPRESS) &#8211; A PGE (Procuradoria-Geral Eleitoral) se manifestou pela reprova\u00e7\u00e3o das contas da campanha presidencial do PT nas elei\u00e7\u00f5es de 2018.<\/p>\n<p data-t=\"{&quot;n&quot;:&quot;blueLinks&quot;}\">No documento, enviado ao TSE (Tribunal Superior Eleitoral) no \u00faltimo dia 11, o \u00f3rg\u00e3o opinou que a campanha petista deve ser obrigada a recolher aos cofres p\u00fablicos R$ 8.837.436,19, em valores a serem corrigidos.<\/p>\n<p data-t=\"{&quot;n&quot;:&quot;blueLinks&quot;}\">Entre as irregularidades apontadas pelo Minist\u00e9rio P\u00fablico Eleitoral est\u00e3o omiss\u00e3o de despesas, identificadas a partir do cruzamento de informa\u00e7\u00f5es com secretarias de Fazenda, gastos com servi\u00e7os gr\u00e1ficos insuficientemente comprovados; e aus\u00eancia de documenta\u00e7\u00e3o comprobat\u00f3ria em desembolsos com fretamento de aeronave.<\/p>\n<p data-t=\"{&quot;n&quot;:&quot;blueLinks&quot;}\">O parecer da PGE foi assinado pelo subprocurador Paulo Branco Gonet, designado para atuar \u00e0 frente do \u00f3rg\u00e3o por Augusto Aras, o titular do posto.<\/p>\n<p data-t=\"{&quot;n&quot;:&quot;blueLinks&quot;}\">O caso chegou a ser inclu\u00eddo na pauta do dia 14 do plen\u00e1rio virtual do TSE, sistema em que os votos dos ministros s\u00e3o inseridos por escrito, mas foi retirado.<\/p>\n<p data-t=\"{&quot;n&quot;:&quot;blueLinks&quot;}\">Caber\u00e1 aos ministros do TSE a decis\u00e3o final sobre aprova\u00e7\u00e3o ou n\u00e3o das contas.<\/p>\n<p data-t=\"{&quot;n&quot;:&quot;blueLinks&quot;}\">A presta\u00e7\u00e3o de contas j\u00e1 esteve sob a responsabilidade de diferentes integrantes da corte. Atualmente, o relator \u00e9 o ministro Benedito Gon\u00e7alves.<\/p>\n<p class=\"continue-read-break\" data-t=\"{&quot;n&quot;:&quot;blueLinks&quot;}\">Procurado, o escrit\u00f3rio de advocacia que atua em defesa da coliga\u00e7\u00e3o petista afirmou que os dados fornecidos &#8220;permitem o afastamento das supostas irregularidades&#8221;.<\/p>\n","protected":false},"excerpt":{"rendered":"<p>BRAS\u00cdLIA, DF (FOLHAPRESS) &#8211; A PGE (Procuradoria-Geral Eleitoral) se manifestou pela reprova\u00e7\u00e3o das contas da campanha presidencial do PT nas elei\u00e7\u00f5es de 2018. No documento, enviado ao TSE (Tribunal Superior Eleitoral) no \u00faltimo dia 11, o \u00f3rg\u00e3o opinou que a campanha petista deve ser obrigada a recolher aos cofres p\u00fablicos R$ 8.837.436,19, em valores a [&hellip;]<\/p>\n","protected":false},"author":2,"featured_media":105621,"comment_status":"open","ping_status":"open","sticky":false,"template":"","format":"standard","meta":{"footnotes":"","_links_to":"","_links_to_target":""},"categories":[1],"tags":[],"class_list":["post-105618","post","type-post","status-publish","format-standard","has-post-thumbnail","hentry","category-geral"],"views":713,"_links":{"self":[{"href":"https:\/\/www.sudoestehoje.com.br\/novoportal\/wp-json\/wp\/v2\/posts\/105618","targetHints":{"allow":["GET"]}}],"collection":[{"href":"https:\/\/www.sudoestehoje.com.br\/novoportal\/wp-json\/wp\/v2\/posts"}],"about":[{"href":"https:\/\/www.sudoestehoje.com.br\/novoportal\/wp-json\/wp\/v2\/types\/post"}],"author":[{"embeddable":true,"href":"https:\/\/www.sudoestehoje.com.br\/novoportal\/wp-json\/wp\/v2\/users\/2"}],"replies":[{"embeddable":true,"href":"https:\/\/www.sudoestehoje.com.br\/novoportal\/wp-json\/wp\/v2\/comments?post=105618"}],"version-history":[{"count":3,"href":"https:\/\/www.sudoestehoje.com.br\/novoportal\/wp-json\/wp\/v2\/posts\/105618\/revisions"}],"predecessor-version":[{"id":105622,"href":"https:\/\/www.sudoestehoje.com.br\/novoportal\/wp-json\/wp\/v2\/posts\/105618\/revisions\/105622"}],"wp:featuredmedia":[{"embeddable":true,"href":"https:\/\/www.sudoestehoje.com.br\/novoportal\/wp-json\/wp\/v2\/media\/105621"}],"wp:attachment":[{"href":"https:\/\/www.sudoestehoje.com.br\/novoportal\/wp-json\/wp\/v2\/media?parent=105618"}],"wp:term":[{"taxonomy":"category","embeddable":true,"href":"https:\/\/www.sudoestehoje.com.br\/novoportal\/wp-json\/wp\/v2\/categories?post=105618"},{"taxonomy":"post_tag","embeddable":true,"href":"https:\/\/www.sudoestehoje.com.br\/novoportal\/wp-json\/wp\/v2\/tags?post=105618"}],"curies":[{"name":"wp","href":"https:\/\/api.w.org\/{rel}","templated":true}]}}