
{"id":105609,"date":"2022-10-18T17:37:20","date_gmt":"2022-10-18T20:37:20","guid":{"rendered":"https:\/\/www.sudoestehoje.com.br\/novoportal\/?p=105609"},"modified":"2022-10-18T17:37:20","modified_gmt":"2022-10-18T20:37:20","slug":"populacao-mundial-chega-a-8-bilhoes-em-novembro-e-onu-faz-alerta","status":"publish","type":"post","link":"https:\/\/www.sudoestehoje.com.br\/novoportal\/2022\/10\/18\/populacao-mundial-chega-a-8-bilhoes-em-novembro-e-onu-faz-alerta\/","title":{"rendered":"POPULA\u00c7\u00c3O MUNDIAL CHEGA A 8 BILH\u00d5ES EM NOVEMBRO E ONU FAZ ALERTA"},"content":{"rendered":"<p><a href=\"https:\/\/www.sudoestehoje.com.br\/novoportal\/wp-content\/uploads\/2022\/10\/populacao.jpg\"><img loading=\"lazy\" decoding=\"async\" class=\"aligncenter size-medium wp-image-105611\" src=\"https:\/\/www.sudoestehoje.com.br\/novoportal\/wp-content\/uploads\/2022\/10\/populacao-500x263.jpg\" alt=\"\" width=\"500\" height=\"263\" srcset=\"https:\/\/www.sudoestehoje.com.br\/novoportal\/wp-content\/uploads\/2022\/10\/populacao-500x263.jpg 500w, https:\/\/www.sudoestehoje.com.br\/novoportal\/wp-content\/uploads\/2022\/10\/populacao.jpg 640w\" sizes=\"auto, (max-width: 500px) 100vw, 500px\" \/><\/a><\/p>\n<p>A popula\u00e7\u00e3o mundial deve atingir a marca de 8 bilh\u00f5es de pessoas em novembro e a ONU adverte que o mundo n\u00e3o se envolva em um \u201calarmismo populacional\u201d. Esse crescimento impacta em problemas j\u00e1 existentes como a desigualdade social, crise clim\u00e1tica, deslocamento e migra\u00e7\u00e3o alimentadas por conflitos, afirmam analistas.<\/p>\n<p>\u201cSei que este momento n\u00e3o pode ser celebrado por todos. Alguns expressam preocupa\u00e7\u00f5es de que o nosso mundo est\u00e1 superpovoado, com muitas pessoas e recursos insuficientes para sustentar todas as vidas. Mas eu estou aqui para dizer claramente que o grande n\u00famero de vidas humanas n\u00e3o \u00e9 motivo de medo\u201d, defendeu Natalia Kanem, diretora executiva do Fundo de Popula\u00e7\u00e3o da ONU (UNFPA).<\/p>\n<p>Natalia Kanem alerta que a tentativa de controle populacional por governantes \u00e9 \u201cineficaz e perigosa\u201d e os pa\u00edses devem se concentrar em ajudar mulheres, crian\u00e7as e pessoas marginalizadas, que s\u00e3o as mais vulner\u00e1veis \u00e0s mudan\u00e7as demogr\u00e1ficas.<\/p>\n","protected":false},"excerpt":{"rendered":"<p>A popula\u00e7\u00e3o mundial deve atingir a marca de 8 bilh\u00f5es de pessoas em novembro e a ONU adverte que o mundo n\u00e3o se envolva em um \u201calarmismo populacional\u201d. Esse crescimento impacta em problemas j\u00e1 existentes como a desigualdade social, crise clim\u00e1tica, deslocamento e migra\u00e7\u00e3o alimentadas por conflitos, afirmam analistas. \u201cSei que este momento n\u00e3o pode [&hellip;]<\/p>\n","protected":false},"author":2,"featured_media":105611,"comment_status":"open","ping_status":"open","sticky":false,"template":"","format":"standard","meta":{"footnotes":"","_links_to":"","_links_to_target":""},"categories":[1],"tags":[],"class_list":["post-105609","post","type-post","status-publish","format-standard","has-post-thumbnail","hentry","category-geral"],"views":737,"_links":{"self":[{"href":"https:\/\/www.sudoestehoje.com.br\/novoportal\/wp-json\/wp\/v2\/posts\/105609","targetHints":{"allow":["GET"]}}],"collection":[{"href":"https:\/\/www.sudoestehoje.com.br\/novoportal\/wp-json\/wp\/v2\/posts"}],"about":[{"href":"https:\/\/www.sudoestehoje.com.br\/novoportal\/wp-json\/wp\/v2\/types\/post"}],"author":[{"embeddable":true,"href":"https:\/\/www.sudoestehoje.com.br\/novoportal\/wp-json\/wp\/v2\/users\/2"}],"replies":[{"embeddable":true,"href":"https:\/\/www.sudoestehoje.com.br\/novoportal\/wp-json\/wp\/v2\/comments?post=105609"}],"version-history":[{"count":2,"href":"https:\/\/www.sudoestehoje.com.br\/novoportal\/wp-json\/wp\/v2\/posts\/105609\/revisions"}],"predecessor-version":[{"id":105612,"href":"https:\/\/www.sudoestehoje.com.br\/novoportal\/wp-json\/wp\/v2\/posts\/105609\/revisions\/105612"}],"wp:featuredmedia":[{"embeddable":true,"href":"https:\/\/www.sudoestehoje.com.br\/novoportal\/wp-json\/wp\/v2\/media\/105611"}],"wp:attachment":[{"href":"https:\/\/www.sudoestehoje.com.br\/novoportal\/wp-json\/wp\/v2\/media?parent=105609"}],"wp:term":[{"taxonomy":"category","embeddable":true,"href":"https:\/\/www.sudoestehoje.com.br\/novoportal\/wp-json\/wp\/v2\/categories?post=105609"},{"taxonomy":"post_tag","embeddable":true,"href":"https:\/\/www.sudoestehoje.com.br\/novoportal\/wp-json\/wp\/v2\/tags?post=105609"}],"curies":[{"name":"wp","href":"https:\/\/api.w.org\/{rel}","templated":true}]}}