
{"id":105605,"date":"2022-10-18T17:21:00","date_gmt":"2022-10-18T20:21:00","guid":{"rendered":"https:\/\/www.sudoestehoje.com.br\/novoportal\/?p=105605"},"modified":"2022-10-18T17:21:00","modified_gmt":"2022-10-18T20:21:00","slug":"eleicoes-lula-avisa-que-nao-vai-comparecer-ao-debate-da-veja-e-cnn-no-sbt","status":"publish","type":"post","link":"https:\/\/www.sudoestehoje.com.br\/novoportal\/2022\/10\/18\/eleicoes-lula-avisa-que-nao-vai-comparecer-ao-debate-da-veja-e-cnn-no-sbt\/","title":{"rendered":"ELEI\u00c7\u00d5ES | LULA AVISA QUE N\u00c3O VAI COMPARECER AO DEBATE DA VEJA E CNN NO SBT"},"content":{"rendered":"<p><a href=\"https:\/\/www.sudoestehoje.com.br\/novoportal\/wp-content\/uploads\/2022\/10\/bolsonaro-toca-lula-debate-band.webp\"><img loading=\"lazy\" decoding=\"async\" class=\"aligncenter size-medium wp-image-105607\" src=\"https:\/\/www.sudoestehoje.com.br\/novoportal\/wp-content\/uploads\/2022\/10\/bolsonaro-toca-lula-debate-band-500x307.webp\" alt=\"\" width=\"500\" height=\"307\" srcset=\"https:\/\/www.sudoestehoje.com.br\/novoportal\/wp-content\/uploads\/2022\/10\/bolsonaro-toca-lula-debate-band-500x307.webp 500w, https:\/\/www.sudoestehoje.com.br\/novoportal\/wp-content\/uploads\/2022\/10\/bolsonaro-toca-lula-debate-band-700x430.webp 700w, https:\/\/www.sudoestehoje.com.br\/novoportal\/wp-content\/uploads\/2022\/10\/bolsonaro-toca-lula-debate-band-768x472.webp 768w, https:\/\/www.sudoestehoje.com.br\/novoportal\/wp-content\/uploads\/2022\/10\/bolsonaro-toca-lula-debate-band-1536x943.webp 1536w, https:\/\/www.sudoestehoje.com.br\/novoportal\/wp-content\/uploads\/2022\/10\/bolsonaro-toca-lula-debate-band-2048x1258.webp 2048w\" sizes=\"auto, (max-width: 500px) 100vw, 500px\" \/><\/a><\/p>\n<p>O ex-presidente e candidato do PT ao Pal\u00e1cio do Planalto, Luiz In\u00e1cio Lula da Silva, n\u00e3o comparecer\u00e1 ao debate presencial promovido pela revista Veja em parceria com SBT, CNN Brasil, Terra, NovaBrasil e Estad\u00e3o\/Eldorado, no segundo turno da elei\u00e7\u00e3o.<\/p>\n<p>Segundo a coluna Radar, da revista Veja, Jair Bolsonaro confirmou presen\u00e7a no evento de sexta-feira (14). Lula, no entanto, informou nesta ter\u00e7a-feira (18) que n\u00e3o comparecer\u00e1 aos est\u00fadios do SBT para enfrentar seu oponente no debate. A justificativa para a falta \u00e9 a agenda de campanha.<\/p>\n<p>Com a aus\u00eancia de Lula, Bolsonaro ser\u00e1 sabatinado pelo conjunto de ve\u00edculos organizadores do debate.<\/p>\n","protected":false},"excerpt":{"rendered":"<p>O ex-presidente e candidato do PT ao Pal\u00e1cio do Planalto, Luiz In\u00e1cio Lula da Silva, n\u00e3o comparecer\u00e1 ao debate presencial promovido pela revista Veja em parceria com SBT, CNN Brasil, Terra, NovaBrasil e Estad\u00e3o\/Eldorado, no segundo turno da elei\u00e7\u00e3o. Segundo a coluna Radar, da revista Veja, Jair Bolsonaro confirmou presen\u00e7a no evento de sexta-feira (14). [&hellip;]<\/p>\n","protected":false},"author":2,"featured_media":105607,"comment_status":"open","ping_status":"open","sticky":false,"template":"","format":"standard","meta":{"footnotes":"","_links_to":"","_links_to_target":""},"categories":[1],"tags":[],"class_list":["post-105605","post","type-post","status-publish","format-standard","has-post-thumbnail","hentry","category-geral"],"views":750,"_links":{"self":[{"href":"https:\/\/www.sudoestehoje.com.br\/novoportal\/wp-json\/wp\/v2\/posts\/105605","targetHints":{"allow":["GET"]}}],"collection":[{"href":"https:\/\/www.sudoestehoje.com.br\/novoportal\/wp-json\/wp\/v2\/posts"}],"about":[{"href":"https:\/\/www.sudoestehoje.com.br\/novoportal\/wp-json\/wp\/v2\/types\/post"}],"author":[{"embeddable":true,"href":"https:\/\/www.sudoestehoje.com.br\/novoportal\/wp-json\/wp\/v2\/users\/2"}],"replies":[{"embeddable":true,"href":"https:\/\/www.sudoestehoje.com.br\/novoportal\/wp-json\/wp\/v2\/comments?post=105605"}],"version-history":[{"count":2,"href":"https:\/\/www.sudoestehoje.com.br\/novoportal\/wp-json\/wp\/v2\/posts\/105605\/revisions"}],"predecessor-version":[{"id":105608,"href":"https:\/\/www.sudoestehoje.com.br\/novoportal\/wp-json\/wp\/v2\/posts\/105605\/revisions\/105608"}],"wp:featuredmedia":[{"embeddable":true,"href":"https:\/\/www.sudoestehoje.com.br\/novoportal\/wp-json\/wp\/v2\/media\/105607"}],"wp:attachment":[{"href":"https:\/\/www.sudoestehoje.com.br\/novoportal\/wp-json\/wp\/v2\/media?parent=105605"}],"wp:term":[{"taxonomy":"category","embeddable":true,"href":"https:\/\/www.sudoestehoje.com.br\/novoportal\/wp-json\/wp\/v2\/categories?post=105605"},{"taxonomy":"post_tag","embeddable":true,"href":"https:\/\/www.sudoestehoje.com.br\/novoportal\/wp-json\/wp\/v2\/tags?post=105605"}],"curies":[{"name":"wp","href":"https:\/\/api.w.org\/{rel}","templated":true}]}}