
{"id":105598,"date":"2022-10-17T23:36:44","date_gmt":"2022-10-18T02:36:44","guid":{"rendered":"https:\/\/www.sudoestehoje.com.br\/novoportal\/?p=105598"},"modified":"2022-10-17T23:53:15","modified_gmt":"2022-10-18T02:53:15","slug":"eleicoes-dra-raissa-anuncia-apoio-a-acm-neto-nos-vamos-ajudar","status":"publish","type":"post","link":"https:\/\/www.sudoestehoje.com.br\/novoportal\/2022\/10\/17\/eleicoes-dra-raissa-anuncia-apoio-a-acm-neto-nos-vamos-ajudar\/","title":{"rendered":"ELEI\u00c7\u00d5ES | DRA. RAISSA ANUNCIA APOIO A ACM NETO; &#8220;N\u00d3S VAMOS AJUDAR&#8221;"},"content":{"rendered":"<p><a href=\"https:\/\/www.sudoestehoje.com.br\/novoportal\/wp-content\/uploads\/2022\/10\/medica-tem-redes-sociais-bloqueadas-por-falar-da-covid-19-1200x702-1.webp\"><img loading=\"lazy\" decoding=\"async\" class=\"aligncenter size-medium wp-image-105602\" src=\"https:\/\/www.sudoestehoje.com.br\/novoportal\/wp-content\/uploads\/2022\/10\/medica-tem-redes-sociais-bloqueadas-por-falar-da-covid-19-1200x702-1-500x293.webp\" alt=\"\" width=\"500\" height=\"293\" srcset=\"https:\/\/www.sudoestehoje.com.br\/novoportal\/wp-content\/uploads\/2022\/10\/medica-tem-redes-sociais-bloqueadas-por-falar-da-covid-19-1200x702-1-500x293.webp 500w, https:\/\/www.sudoestehoje.com.br\/novoportal\/wp-content\/uploads\/2022\/10\/medica-tem-redes-sociais-bloqueadas-por-falar-da-covid-19-1200x702-1-700x410.webp 700w, https:\/\/www.sudoestehoje.com.br\/novoportal\/wp-content\/uploads\/2022\/10\/medica-tem-redes-sociais-bloqueadas-por-falar-da-covid-19-1200x702-1-768x449.webp 768w, https:\/\/www.sudoestehoje.com.br\/novoportal\/wp-content\/uploads\/2022\/10\/medica-tem-redes-sociais-bloqueadas-por-falar-da-covid-19-1200x702-1.webp 1200w\" sizes=\"auto, (max-width: 500px) 100vw, 500px\" \/><\/a><\/p>\n<p>Um dos maiores nomes da direita na Bahia, Dra. Raissa Soares, disse em exclusividade para a Brado R\u00e1dio que est\u00e1 apoiando o candidato\u00a0ACM Neto (UB) para governo da Bahia nas elei\u00e7\u00f5es deste segundo turno.\u00a0 A ex-secret\u00e1ria de sa\u00fade de Porto Seguro, disse que nunca mais quer o PT na Bahia e ainda faz um apelo para os ouvintes do programa Brado Jornal n\u00e3o anularem o voto.<\/p>\n<p>\u201cA m\u00e1quina do PT vem como um rolo compressor. Mas, n\u00f3s baianos bolsonaristas podemos ser um rolo compressor muito maior. N\u00e3o anule seu voto. N\u00f3s vamos ajudar ACM Neto como governador para se eleger\u201d, declarou.<\/p>\n<p>Ainda em primeira m\u00e3o, Raissa e seu marido, o candidato derrotado Geraldo Soares, afirmaram que o ex-prefeito de Salvador ir\u00e1 dar uma entrevista no Brado Jornal.<\/p>\n<p>\u201cA equipe dele [ACM Neto] nos prometeu que marcaria uma entrevista com Thimoteo para mostrar para o povo baiano quem \u00e9 ACM Neto\u201d, concluiu.<\/p>\n<p>Vale ressaltar que, o candidato ainda n\u00e3o declarou apoio a reelei\u00e7\u00e3o do presidente Jair Bolsonaro (PL) e vice-versa. Alguns nomes da direita baiana como Alexandre Aleluia, Capit\u00e3o Alden e Jo\u00e3o Roma j\u00e1 declararam apoio ao ex-prefeito.<\/p>\n","protected":false},"excerpt":{"rendered":"<p>Um dos maiores nomes da direita na Bahia, Dra. Raissa Soares, disse em exclusividade para a Brado R\u00e1dio que est\u00e1 apoiando o candidato\u00a0ACM Neto (UB) para governo da Bahia nas elei\u00e7\u00f5es deste segundo turno.\u00a0 A ex-secret\u00e1ria de sa\u00fade de Porto Seguro, disse que nunca mais quer o PT na Bahia e ainda faz um apelo [&hellip;]<\/p>\n","protected":false},"author":2,"featured_media":105602,"comment_status":"open","ping_status":"open","sticky":false,"template":"","format":"standard","meta":{"footnotes":"","_links_to":"","_links_to_target":""},"categories":[1],"tags":[],"class_list":["post-105598","post","type-post","status-publish","format-standard","has-post-thumbnail","hentry","category-geral"],"views":760,"_links":{"self":[{"href":"https:\/\/www.sudoestehoje.com.br\/novoportal\/wp-json\/wp\/v2\/posts\/105598","targetHints":{"allow":["GET"]}}],"collection":[{"href":"https:\/\/www.sudoestehoje.com.br\/novoportal\/wp-json\/wp\/v2\/posts"}],"about":[{"href":"https:\/\/www.sudoestehoje.com.br\/novoportal\/wp-json\/wp\/v2\/types\/post"}],"author":[{"embeddable":true,"href":"https:\/\/www.sudoestehoje.com.br\/novoportal\/wp-json\/wp\/v2\/users\/2"}],"replies":[{"embeddable":true,"href":"https:\/\/www.sudoestehoje.com.br\/novoportal\/wp-json\/wp\/v2\/comments?post=105598"}],"version-history":[{"count":4,"href":"https:\/\/www.sudoestehoje.com.br\/novoportal\/wp-json\/wp\/v2\/posts\/105598\/revisions"}],"predecessor-version":[{"id":105604,"href":"https:\/\/www.sudoestehoje.com.br\/novoportal\/wp-json\/wp\/v2\/posts\/105598\/revisions\/105604"}],"wp:featuredmedia":[{"embeddable":true,"href":"https:\/\/www.sudoestehoje.com.br\/novoportal\/wp-json\/wp\/v2\/media\/105602"}],"wp:attachment":[{"href":"https:\/\/www.sudoestehoje.com.br\/novoportal\/wp-json\/wp\/v2\/media?parent=105598"}],"wp:term":[{"taxonomy":"category","embeddable":true,"href":"https:\/\/www.sudoestehoje.com.br\/novoportal\/wp-json\/wp\/v2\/categories?post=105598"},{"taxonomy":"post_tag","embeddable":true,"href":"https:\/\/www.sudoestehoje.com.br\/novoportal\/wp-json\/wp\/v2\/tags?post=105598"}],"curies":[{"name":"wp","href":"https:\/\/api.w.org\/{rel}","templated":true}]}}