
{"id":105575,"date":"2022-10-17T08:00:11","date_gmt":"2022-10-17T11:00:11","guid":{"rendered":"https:\/\/www.sudoestehoje.com.br\/novoportal\/?p=105575"},"modified":"2022-10-16T20:04:56","modified_gmt":"2022-10-16T23:04:56","slug":"pesquisa-bolsonaro-vira-e-aparece-na-frente-em-nova-pesquisa-nacional","status":"publish","type":"post","link":"https:\/\/www.sudoestehoje.com.br\/novoportal\/2022\/10\/17\/pesquisa-bolsonaro-vira-e-aparece-na-frente-em-nova-pesquisa-nacional\/","title":{"rendered":"PESQUISA: BOLSONARO VIRA E APARECE NA FRENTE EM NOVA PESQUISA NACIONAL"},"content":{"rendered":"<p><a href=\"https:\/\/www.sudoestehoje.com.br\/novoportal\/wp-content\/uploads\/2022\/10\/000_32KR9VW-1.webp\"><img loading=\"lazy\" decoding=\"async\" class=\"aligncenter size-medium wp-image-105576\" src=\"https:\/\/www.sudoestehoje.com.br\/novoportal\/wp-content\/uploads\/2022\/10\/000_32KR9VW-1-500x334.webp\" alt=\"\" width=\"500\" height=\"334\" srcset=\"https:\/\/www.sudoestehoje.com.br\/novoportal\/wp-content\/uploads\/2022\/10\/000_32KR9VW-1-500x334.webp 500w, https:\/\/www.sudoestehoje.com.br\/novoportal\/wp-content\/uploads\/2022\/10\/000_32KR9VW-1-700x467.webp 700w, https:\/\/www.sudoestehoje.com.br\/novoportal\/wp-content\/uploads\/2022\/10\/000_32KR9VW-1-768x512.webp 768w, https:\/\/www.sudoestehoje.com.br\/novoportal\/wp-content\/uploads\/2022\/10\/000_32KR9VW-1.webp 850w\" sizes=\"auto, (max-width: 500px) 100vw, 500px\" \/><\/a><\/p>\n<p>Pesquisa do Instituto Verit\u00e1 divulgada neste domingo (16) aponta que o presidente Jair Bolsonaro (PL) lidera com 48,7% das inten\u00e7\u00f5es de votos, enquanto o candidato Luiz In\u00e1cio Lula da Silva (PT), que esteve \u00e0 frente no primeiro turno, tem 46,4%.<\/p>\n<p>J\u00e1 no levantamento dos votos v\u00e1lidos, que s\u00e3o exclu\u00eddos os brancos, os nulos e os de eleitores que se declaram indecisos, Bolsonaro tem 51,2%, enquanto o ex-presidente tem 48,8%.<\/p>\n<p>Com a margem de erro de dois pontos percentuais, Bolsonaro, que teve 32,6% no primeiro turno, pode ter entre 49% a 51%. J\u00e1 o petista que teve 36,6%, pode ficar entre 47% e 51%. Foram entrevistados 5.528 pessoas e o n\u00edvel de confian\u00e7a da pesquisa \u00e9 de 95%.<\/p>\n<p>Lula est\u00e1 na lideran\u00e7a nos eleitorados feminino, na faixa et\u00e1ria entre 16 a 24 anos, sem estudos at\u00e9 o ensino fundamental e com rendimento de dois sal\u00e1rios m\u00ednimos. J\u00e1 o candidato do Partido Liberal lidera os votos no p\u00fablico masculino, nas quatro faixa et\u00e1rias entre 25 a 60 anos, estudantes do ensino m\u00e9dio e superior, e renda superior a dois sal\u00e1rios m\u00ednimos<\/p>\n<p>Nas regi\u00f5es, Lula s\u00f3 aparece na frente no Nordeste. Segundo o instituto, mais de 156 milh\u00f5es de brasileiros est\u00e3o aptos a exercer o direito de votar. No primeiro turno, 20,9% de pessoas n\u00e3o votaram, mas podem votar no dia 30 de outubro. Para a pesquisa, o instituto entrevistou 5.528 pessoas.<\/p>\n","protected":false},"excerpt":{"rendered":"<p>Pesquisa do Instituto Verit\u00e1 divulgada neste domingo (16) aponta que o presidente Jair Bolsonaro (PL) lidera com 48,7% das inten\u00e7\u00f5es de votos, enquanto o candidato Luiz In\u00e1cio Lula da Silva (PT), que esteve \u00e0 frente no primeiro turno, tem 46,4%. J\u00e1 no levantamento dos votos v\u00e1lidos, que s\u00e3o exclu\u00eddos os brancos, os nulos e os [&hellip;]<\/p>\n","protected":false},"author":2,"featured_media":105576,"comment_status":"open","ping_status":"open","sticky":false,"template":"","format":"standard","meta":{"footnotes":"","_links_to":"","_links_to_target":""},"categories":[1],"tags":[],"class_list":["post-105575","post","type-post","status-publish","format-standard","has-post-thumbnail","hentry","category-geral"],"views":741,"_links":{"self":[{"href":"https:\/\/www.sudoestehoje.com.br\/novoportal\/wp-json\/wp\/v2\/posts\/105575","targetHints":{"allow":["GET"]}}],"collection":[{"href":"https:\/\/www.sudoestehoje.com.br\/novoportal\/wp-json\/wp\/v2\/posts"}],"about":[{"href":"https:\/\/www.sudoestehoje.com.br\/novoportal\/wp-json\/wp\/v2\/types\/post"}],"author":[{"embeddable":true,"href":"https:\/\/www.sudoestehoje.com.br\/novoportal\/wp-json\/wp\/v2\/users\/2"}],"replies":[{"embeddable":true,"href":"https:\/\/www.sudoestehoje.com.br\/novoportal\/wp-json\/wp\/v2\/comments?post=105575"}],"version-history":[{"count":1,"href":"https:\/\/www.sudoestehoje.com.br\/novoportal\/wp-json\/wp\/v2\/posts\/105575\/revisions"}],"predecessor-version":[{"id":105577,"href":"https:\/\/www.sudoestehoje.com.br\/novoportal\/wp-json\/wp\/v2\/posts\/105575\/revisions\/105577"}],"wp:featuredmedia":[{"embeddable":true,"href":"https:\/\/www.sudoestehoje.com.br\/novoportal\/wp-json\/wp\/v2\/media\/105576"}],"wp:attachment":[{"href":"https:\/\/www.sudoestehoje.com.br\/novoportal\/wp-json\/wp\/v2\/media?parent=105575"}],"wp:term":[{"taxonomy":"category","embeddable":true,"href":"https:\/\/www.sudoestehoje.com.br\/novoportal\/wp-json\/wp\/v2\/categories?post=105575"},{"taxonomy":"post_tag","embeddable":true,"href":"https:\/\/www.sudoestehoje.com.br\/novoportal\/wp-json\/wp\/v2\/tags?post=105575"}],"curies":[{"name":"wp","href":"https:\/\/api.w.org\/{rel}","templated":true}]}}