
{"id":105537,"date":"2022-10-16T10:51:51","date_gmt":"2022-10-16T13:51:51","guid":{"rendered":"https:\/\/www.sudoestehoje.com.br\/novoportal\/?p=105537"},"modified":"2022-10-16T10:51:51","modified_gmt":"2022-10-16T13:51:51","slug":"itapetinga-empresario-morto-a-tiros-em-lauro-de-freitas-foi-sepultado-neste-sabado","status":"publish","type":"post","link":"https:\/\/www.sudoestehoje.com.br\/novoportal\/2022\/10\/16\/itapetinga-empresario-morto-a-tiros-em-lauro-de-freitas-foi-sepultado-neste-sabado\/","title":{"rendered":"ITAPETINGA: EMPRES\u00c1RIO MORTO A TIROS EM LAURO DE FREITAS FOI SEPULTADO NESTE S\u00c1BADO"},"content":{"rendered":"<div class=\"mc-column content-text active-extra-styles \" data-block-type=\"unstyled\" data-block-weight=\"53\" data-block-id=\"3\">\n<p data-track-category=\"Link no Texto\" data-track-links=\"\"><a href=\"https:\/\/www.sudoestehoje.com.br\/novoportal\/wp-content\/uploads\/2022\/10\/empresariorms.webp\"><img loading=\"lazy\" decoding=\"async\" class=\"aligncenter size-medium wp-image-105546\" src=\"https:\/\/www.sudoestehoje.com.br\/novoportal\/wp-content\/uploads\/2022\/10\/empresariorms-500x281.webp\" alt=\"\" width=\"500\" height=\"281\" srcset=\"https:\/\/www.sudoestehoje.com.br\/novoportal\/wp-content\/uploads\/2022\/10\/empresariorms-500x281.webp 500w, https:\/\/www.sudoestehoje.com.br\/novoportal\/wp-content\/uploads\/2022\/10\/empresariorms-700x394.webp 700w, https:\/\/www.sudoestehoje.com.br\/novoportal\/wp-content\/uploads\/2022\/10\/empresariorms-768x432.webp 768w, https:\/\/www.sudoestehoje.com.br\/novoportal\/wp-content\/uploads\/2022\/10\/empresariorms.webp 810w\" sizes=\"auto, (max-width: 500px) 100vw, 500px\" \/><\/a><\/p>\n<p class=\"content-text__container \" data-track-category=\"Link no Texto\" data-track-links=\"\">Foi sepultado em Itapetinga, no final da tarde deste s\u00e1bado, o corpo do empres\u00e1rio Jos\u00e9 Alves Moreira Neto, 44 anos, assassinado na \u00faltima sexta-feira (14) por homens armados que invadiram uma f\u00e1brica de extintores no bairro Jardim Port\u00e3o, em <a href=\"https:\/\/g1.globo.com\/ba\/bahia\/cidade\/lauro-de-freitas\/\">Lauro de Freitas<\/a>, cidade da Regi\u00e3o Metropolitana de Salvador. Ningu\u00e9m foi preso at\u00e9 o momento<\/p>\n<\/div>\n<div class=\"wall protected-content\">\n<div class=\"mc-column content-text active-extra-styles\" data-block-type=\"raw\" data-block-weight=\"15\" data-block-id=\"4\">\n<p>De acordo com familiares da v\u00edtima, o enterro do empres\u00e1rio foi programado para as 17h deste s\u00e1bado (15), no cemit\u00e9rio central da cidade. Ele deixou esposa e dois filhos. Ainda em choque com o crime, a fam\u00edlia n\u00e3o sabe o que pode ter provocado o crime.<\/p>\n<\/div>\n<div class=\"content-ads content-ads--reveal\" data-block-type=\"ads\" data-block-id=\"6\">Familiares afirmam que o empres\u00e1rio n\u00e3o tinha envolvimento com assuntos que pudessem provocar sua morte. Al\u00e9m disso, no momento do crime, ele teria oferecido dinheiro, o carro e qualquer posse que estivesse na empresa para que os homens fossem embora e n\u00e3o o matassem.<\/div>\n<div data-block-type=\"ads\" data-block-id=\"6\"><\/div>\n<\/div>\n<div data-block-type=\"ads\" data-block-id=\"6\">\n<div class=\"mc-column content-text active-extra-styles\" data-block-type=\"raw\" data-block-weight=\"5\" data-block-id=\"9\">\n<div class=\"content-intertitle\">\n<h2>Funcion\u00e1rios foram rendidos na a\u00e7\u00e3o<\/h2>\n<\/div>\n<p>O assassinato do empres\u00e1rio Jos\u00e9 Alves Moreira Neto aconteceu na manh\u00e3 de sexta (14), depois que um grupo armado rendeu os funcion\u00e1rios da f\u00e1brica localizada na Rua M\u00e1rio Ogando da Silva.<\/p>\n<\/div>\n<div class=\"mc-column content-text active-extra-styles \" data-block-type=\"unstyled\" data-block-weight=\"25\" data-block-id=\"11\">\n<p class=\"content-text__container \" data-track-category=\"Link no Texto\" data-track-links=\"\">Segundo testemunhas, os homens amarraram os funcion\u00e1rios e levaram o grupo para um c\u00f4modo, antes de atirarem na cabe\u00e7a do empres\u00e1rio, que chegava para trabalhar.<\/p>\n<div class=\"mc-column content-text active-extra-styles \" data-block-type=\"unstyled\" data-block-weight=\"52\" data-block-id=\"13\">\n<p class=\"content-text__container \" data-track-category=\"Link no Texto\" data-track-links=\"\">A Pol\u00edcia Militar foi chamada, esteve no local e socorreu a v\u00edtima para o Hospital Geral Menandro de Faria (HGMF), na mesma cidade. Jos\u00e9 Alves, no entanto, n\u00e3o resistiu aos ferimentos. A per\u00edcia foi feita no local por equipes do Departamento de Pol\u00edcia T\u00e9cnica (DPT) e o corpo foi encaminhado para necropsia.<\/p>\n<\/div>\n<div class=\"mc-column content-text active-extra-styles \" data-block-type=\"unstyled\" data-block-weight=\"30\" data-block-id=\"14\">\n<p class=\"content-text__container \" data-track-category=\"Link no Texto\" data-track-links=\"\">De acordo com a Pol\u00edcia Civil, o caso \u00e9 investigado pela 23\u00aa Delegacia Territorial como latroc\u00ednio \u2013 roubo seguido de morte. Contudo, n\u00e3o h\u00e1 detalhes sobre o que foi roubado.<\/p>\n<\/div>\n<div class=\"mc-column content-text active-extra-styles \" data-block-type=\"unstyled\" data-block-weight=\"21\" data-block-id=\"15\">\n<p class=\"content-text__container \" data-track-category=\"Link no Texto\" data-track-links=\"\">Os suspeitos s\u00e3o procurados e imagens de c\u00e2meras de seguran\u00e7a est\u00e3o sendo analisadas, para identificar e prender os autores do crime. \/\/<span style=\"color: #0000ff;\"><strong><a style=\"color: #0000ff;\" href=\"https:\/\/g1.globo.com\/ba\/bahia\/\"><em> g1 Bahia<\/em><\/a><\/strong><\/span><em>.<\/em><\/p>\n<\/div>\n<\/div>\n<\/div>\n","protected":false},"excerpt":{"rendered":"<p>Foi sepultado em Itapetinga, no final da tarde deste s\u00e1bado, o corpo do empres\u00e1rio Jos\u00e9 Alves Moreira Neto, 44 anos, assassinado na \u00faltima sexta-feira (14) por homens armados que invadiram uma f\u00e1brica de extintores no bairro Jardim Port\u00e3o, em Lauro de Freitas, cidade da Regi\u00e3o Metropolitana de Salvador. Ningu\u00e9m foi preso at\u00e9 o momento De [&hellip;]<\/p>\n","protected":false},"author":2,"featured_media":105546,"comment_status":"open","ping_status":"open","sticky":false,"template":"","format":"standard","meta":{"footnotes":"","_links_to":"","_links_to_target":""},"categories":[1],"tags":[],"class_list":["post-105537","post","type-post","status-publish","format-standard","has-post-thumbnail","hentry","category-geral"],"views":1138,"_links":{"self":[{"href":"https:\/\/www.sudoestehoje.com.br\/novoportal\/wp-json\/wp\/v2\/posts\/105537","targetHints":{"allow":["GET"]}}],"collection":[{"href":"https:\/\/www.sudoestehoje.com.br\/novoportal\/wp-json\/wp\/v2\/posts"}],"about":[{"href":"https:\/\/www.sudoestehoje.com.br\/novoportal\/wp-json\/wp\/v2\/types\/post"}],"author":[{"embeddable":true,"href":"https:\/\/www.sudoestehoje.com.br\/novoportal\/wp-json\/wp\/v2\/users\/2"}],"replies":[{"embeddable":true,"href":"https:\/\/www.sudoestehoje.com.br\/novoportal\/wp-json\/wp\/v2\/comments?post=105537"}],"version-history":[{"count":3,"href":"https:\/\/www.sudoestehoje.com.br\/novoportal\/wp-json\/wp\/v2\/posts\/105537\/revisions"}],"predecessor-version":[{"id":105547,"href":"https:\/\/www.sudoestehoje.com.br\/novoportal\/wp-json\/wp\/v2\/posts\/105537\/revisions\/105547"}],"wp:featuredmedia":[{"embeddable":true,"href":"https:\/\/www.sudoestehoje.com.br\/novoportal\/wp-json\/wp\/v2\/media\/105546"}],"wp:attachment":[{"href":"https:\/\/www.sudoestehoje.com.br\/novoportal\/wp-json\/wp\/v2\/media?parent=105537"}],"wp:term":[{"taxonomy":"category","embeddable":true,"href":"https:\/\/www.sudoestehoje.com.br\/novoportal\/wp-json\/wp\/v2\/categories?post=105537"},{"taxonomy":"post_tag","embeddable":true,"href":"https:\/\/www.sudoestehoje.com.br\/novoportal\/wp-json\/wp\/v2\/tags?post=105537"}],"curies":[{"name":"wp","href":"https:\/\/api.w.org\/{rel}","templated":true}]}}