
{"id":105526,"date":"2022-10-13T21:23:42","date_gmt":"2022-10-14T00:23:42","guid":{"rendered":"https:\/\/www.sudoestehoje.com.br\/novoportal\/?p=105526"},"modified":"2022-10-13T21:23:42","modified_gmt":"2022-10-14T00:23:42","slug":"governo-prorroga-por-mais-30-dias-prazo-para-atualizacao-do-cadastro-unico","status":"publish","type":"post","link":"https:\/\/www.sudoestehoje.com.br\/novoportal\/2022\/10\/13\/governo-prorroga-por-mais-30-dias-prazo-para-atualizacao-do-cadastro-unico\/","title":{"rendered":"GOVERNO PRORROGA POR MAIS 30 DIAS PRAZO PARA ATUALIZA\u00c7\u00c3O DO CADASTRO \u00daNICO"},"content":{"rendered":"<div class=\"mc-column content-text active-extra-styles \" data-block-type=\"unstyled\" data-block-weight=\"41\" data-block-id=\"3\">\n<p data-track-category=\"Link no Texto\" data-track-links=\"\"><a href=\"https:\/\/www.sudoestehoje.com.br\/novoportal\/wp-content\/uploads\/2022\/10\/whatsapp-image-2022-10-13-at-09.22.49.webp\"><img loading=\"lazy\" decoding=\"async\" class=\"aligncenter size-medium wp-image-105528\" src=\"https:\/\/www.sudoestehoje.com.br\/novoportal\/wp-content\/uploads\/2022\/10\/whatsapp-image-2022-10-13-at-09.22.49-500x375.webp\" alt=\"\" width=\"500\" height=\"375\" srcset=\"https:\/\/www.sudoestehoje.com.br\/novoportal\/wp-content\/uploads\/2022\/10\/whatsapp-image-2022-10-13-at-09.22.49-500x375.webp 500w, https:\/\/www.sudoestehoje.com.br\/novoportal\/wp-content\/uploads\/2022\/10\/whatsapp-image-2022-10-13-at-09.22.49-700x525.webp 700w, https:\/\/www.sudoestehoje.com.br\/novoportal\/wp-content\/uploads\/2022\/10\/whatsapp-image-2022-10-13-at-09.22.49-768x576.webp 768w, https:\/\/www.sudoestehoje.com.br\/novoportal\/wp-content\/uploads\/2022\/10\/whatsapp-image-2022-10-13-at-09.22.49.webp 984w\" sizes=\"auto, (max-width: 500px) 100vw, 500px\" \/><\/a><\/p>\n<p class=\"content-text__container \" data-track-category=\"Link no Texto\" data-track-links=\"\">O Minist\u00e9rio da Cidadania decidiu, nesta quinta-feira (13),\u00a0prorrogar por mais 30 dias o prazo para atualiza\u00e7\u00e3o das informa\u00e7\u00f5es do Cadastro \u00danico (Cad\u00danico). A revis\u00e3o dos dados \u00e9 necess\u00e1ria para evitar suspens\u00e3o ou cancelamento de benef\u00edcios como o\u00a0Aux\u00edlio Brasil.<\/p>\n<\/div>\n<div class=\"wall protected-content\">\n<div class=\"mc-column content-text active-extra-styles \" data-block-type=\"unstyled\" data-block-weight=\"45\" data-block-id=\"4\">\n<p class=\"content-text__container \" data-track-category=\"Link no Texto\" data-track-links=\"\">No caso dos benefici\u00e1rios do Aux\u00edlio Brasil, a data limite para atualiza\u00e7\u00e3o dos cadastros sem altera\u00e7\u00f5es h\u00e1 mais de dois anos era esta sexta-feira (14).\u00a0Antes do an\u00fancio de prorroga\u00e7\u00e3o, a proximidade do fim do prazo havia causado filas e confus\u00f5es pelo pa\u00eds nesta quinta.<\/p>\n<\/div>\n<div class=\"mc-column content-text active-extra-styles \" data-block-type=\"unstyled\" data-block-weight=\"15\" data-block-id=\"5\">\n<p class=\"content-text__container \" data-track-category=\"Link no Texto\" data-track-links=\"\">At\u00e9 a \u00faltima segunda-feira (10), cerca de 263 mil ainda precisavam fazer a atualiza\u00e7\u00e3o cadastral.<\/p>\n<p data-track-category=\"Link no Texto\" data-track-links=\"\">O Cadastro \u00danico (Cad\u00danico) \u00e9 o principal instrumento do governo para a inclus\u00e3o de fam\u00edlias de baixa renda em programas federais como\u00a0Tarifa Social de Energia El\u00e9trica\u00a0(TSEE) e\u00a0Benef\u00edcio de Presta\u00e7\u00e3o Continuada\u00a0(BPC), al\u00e9m de dar direito ao\u00a0<a href=\"https:\/\/g1.globo.com\/economia\/auxilio-emergencial\/\">Aux\u00edlio Emergencial<\/a>\u00a0e ao Aux\u00edlio Brasil, entre outros benef\u00edcios.<\/p>\n<\/div>\n<\/div>\n","protected":false},"excerpt":{"rendered":"<p>O Minist\u00e9rio da Cidadania decidiu, nesta quinta-feira (13),\u00a0prorrogar por mais 30 dias o prazo para atualiza\u00e7\u00e3o das informa\u00e7\u00f5es do Cadastro \u00danico (Cad\u00danico). A revis\u00e3o dos dados \u00e9 necess\u00e1ria para evitar suspens\u00e3o ou cancelamento de benef\u00edcios como o\u00a0Aux\u00edlio Brasil. No caso dos benefici\u00e1rios do Aux\u00edlio Brasil, a data limite para atualiza\u00e7\u00e3o dos cadastros sem altera\u00e7\u00f5es h\u00e1 [&hellip;]<\/p>\n","protected":false},"author":2,"featured_media":105528,"comment_status":"open","ping_status":"open","sticky":false,"template":"","format":"standard","meta":{"footnotes":"","_links_to":"","_links_to_target":""},"categories":[1],"tags":[],"class_list":["post-105526","post","type-post","status-publish","format-standard","has-post-thumbnail","hentry","category-geral"],"views":828,"_links":{"self":[{"href":"https:\/\/www.sudoestehoje.com.br\/novoportal\/wp-json\/wp\/v2\/posts\/105526","targetHints":{"allow":["GET"]}}],"collection":[{"href":"https:\/\/www.sudoestehoje.com.br\/novoportal\/wp-json\/wp\/v2\/posts"}],"about":[{"href":"https:\/\/www.sudoestehoje.com.br\/novoportal\/wp-json\/wp\/v2\/types\/post"}],"author":[{"embeddable":true,"href":"https:\/\/www.sudoestehoje.com.br\/novoportal\/wp-json\/wp\/v2\/users\/2"}],"replies":[{"embeddable":true,"href":"https:\/\/www.sudoestehoje.com.br\/novoportal\/wp-json\/wp\/v2\/comments?post=105526"}],"version-history":[{"count":2,"href":"https:\/\/www.sudoestehoje.com.br\/novoportal\/wp-json\/wp\/v2\/posts\/105526\/revisions"}],"predecessor-version":[{"id":105529,"href":"https:\/\/www.sudoestehoje.com.br\/novoportal\/wp-json\/wp\/v2\/posts\/105526\/revisions\/105529"}],"wp:featuredmedia":[{"embeddable":true,"href":"https:\/\/www.sudoestehoje.com.br\/novoportal\/wp-json\/wp\/v2\/media\/105528"}],"wp:attachment":[{"href":"https:\/\/www.sudoestehoje.com.br\/novoportal\/wp-json\/wp\/v2\/media?parent=105526"}],"wp:term":[{"taxonomy":"category","embeddable":true,"href":"https:\/\/www.sudoestehoje.com.br\/novoportal\/wp-json\/wp\/v2\/categories?post=105526"},{"taxonomy":"post_tag","embeddable":true,"href":"https:\/\/www.sudoestehoje.com.br\/novoportal\/wp-json\/wp\/v2\/tags?post=105526"}],"curies":[{"name":"wp","href":"https:\/\/api.w.org\/{rel}","templated":true}]}}