
{"id":105508,"date":"2022-10-13T07:06:07","date_gmt":"2022-10-13T10:06:07","guid":{"rendered":"https:\/\/www.sudoestehoje.com.br\/novoportal\/?p=105508"},"modified":"2022-10-13T07:06:07","modified_gmt":"2022-10-13T10:06:07","slug":"camara-dos-deputados-aprova-projeto-de-lei-que-destina-r-2-bilhoes-as-santas-casas","status":"publish","type":"post","link":"https:\/\/www.sudoestehoje.com.br\/novoportal\/2022\/10\/13\/camara-dos-deputados-aprova-projeto-de-lei-que-destina-r-2-bilhoes-as-santas-casas\/","title":{"rendered":"C\u00c2MARA DOS DEPUTADOS APROVA PROJETO DE LEI QUE DESTINA R$ 2 BILH\u00d5ES \u00c0S SANTAS CASAS"},"content":{"rendered":"<p><a href=\"https:\/\/www.sudoestehoje.com.br\/novoportal\/wp-content\/uploads\/2022\/10\/Antonio-Brito-1-1.jpg\"><img loading=\"lazy\" decoding=\"async\" class=\"aligncenter size-medium wp-image-105509\" src=\"https:\/\/www.sudoestehoje.com.br\/novoportal\/wp-content\/uploads\/2022\/10\/Antonio-Brito-1-1-500x333.jpg\" alt=\"\" width=\"500\" height=\"333\" srcset=\"https:\/\/www.sudoestehoje.com.br\/novoportal\/wp-content\/uploads\/2022\/10\/Antonio-Brito-1-1-500x333.jpg 500w, https:\/\/www.sudoestehoje.com.br\/novoportal\/wp-content\/uploads\/2022\/10\/Antonio-Brito-1-1.jpg 700w\" sizes=\"auto, (max-width: 500px) 100vw, 500px\" \/><\/a><\/p>\n<p>O Plen\u00e1rio da C\u00e2mara dos Deputados aprovou, nesta ter\u00e7a-feira (11), o Projeto de Lei Complementar (PLP 7\/22), que destina R$ 2 bilh\u00f5es para o custeio de servi\u00e7os prestados por entidades privadas sem fins lucrativos (Santas Casas) que complementam o Sistema \u00danico de Sa\u00fade. Foram 383 votos favor\u00e1veis e 3 votos contr\u00e1rios. A mat\u00e9ria segue para o Senado.<\/p>\n<p>Os recursos ser\u00e3o originados de saldos de repasses da Uni\u00e3o constantes dos fundos de sa\u00fade e de assist\u00eancia social de estados, Distrito Federal e munic\u00edpios, que poder\u00e3o ser usados at\u00e9 o final de 2023. Caso os saldos sejam insuficientes para o pagamento das Santas Casas, a Uni\u00e3o poder\u00e1 transferir a diferen\u00e7a. Se houver sobra de recursos, eles poder\u00e3o ser aplicados em outras a\u00e7\u00f5es de sa\u00fade.<\/p>\n<p>O relator, deputado <strong>Ant\u00f4nio Brito (PSD-BA)<\/strong>, afirmou que n\u00e3o haver\u00e1 aumento de gastos da Uni\u00e3o porque os saldos nas contas criadas antes de 2018 ser\u00e3o devolvidos \u00e0 Uni\u00e3o, para que financiem o aux\u00edlio \u00e0s Santas Casas.<\/p>\n<p>O objetivo, segundo ele, \u00e9 contribuir para a sustentabilidade econ\u00f4mico-financeira dessas institui\u00e7\u00f5es na manuten\u00e7\u00e3o dos atendimentos. Ele destacou que o aux\u00edlio financeiro \u00e0s Santas Casas ser\u00e1 baseado em par\u00e2metros a serem definidos pelo Poder Executivo Federal, com garantia de ampla publicidade.<\/p>\n","protected":false},"excerpt":{"rendered":"<p>O Plen\u00e1rio da C\u00e2mara dos Deputados aprovou, nesta ter\u00e7a-feira (11), o Projeto de Lei Complementar (PLP 7\/22), que destina R$ 2 bilh\u00f5es para o custeio de servi\u00e7os prestados por entidades privadas sem fins lucrativos (Santas Casas) que complementam o Sistema \u00danico de Sa\u00fade. Foram 383 votos favor\u00e1veis e 3 votos contr\u00e1rios. A mat\u00e9ria segue para [&hellip;]<\/p>\n","protected":false},"author":2,"featured_media":0,"comment_status":"open","ping_status":"open","sticky":false,"template":"","format":"standard","meta":{"footnotes":"","_links_to":"","_links_to_target":""},"categories":[1],"tags":[],"class_list":["post-105508","post","type-post","status-publish","format-standard","hentry","category-geral"],"views":715,"_links":{"self":[{"href":"https:\/\/www.sudoestehoje.com.br\/novoportal\/wp-json\/wp\/v2\/posts\/105508","targetHints":{"allow":["GET"]}}],"collection":[{"href":"https:\/\/www.sudoestehoje.com.br\/novoportal\/wp-json\/wp\/v2\/posts"}],"about":[{"href":"https:\/\/www.sudoestehoje.com.br\/novoportal\/wp-json\/wp\/v2\/types\/post"}],"author":[{"embeddable":true,"href":"https:\/\/www.sudoestehoje.com.br\/novoportal\/wp-json\/wp\/v2\/users\/2"}],"replies":[{"embeddable":true,"href":"https:\/\/www.sudoestehoje.com.br\/novoportal\/wp-json\/wp\/v2\/comments?post=105508"}],"version-history":[{"count":1,"href":"https:\/\/www.sudoestehoje.com.br\/novoportal\/wp-json\/wp\/v2\/posts\/105508\/revisions"}],"predecessor-version":[{"id":105510,"href":"https:\/\/www.sudoestehoje.com.br\/novoportal\/wp-json\/wp\/v2\/posts\/105508\/revisions\/105510"}],"wp:attachment":[{"href":"https:\/\/www.sudoestehoje.com.br\/novoportal\/wp-json\/wp\/v2\/media?parent=105508"}],"wp:term":[{"taxonomy":"category","embeddable":true,"href":"https:\/\/www.sudoestehoje.com.br\/novoportal\/wp-json\/wp\/v2\/categories?post=105508"},{"taxonomy":"post_tag","embeddable":true,"href":"https:\/\/www.sudoestehoje.com.br\/novoportal\/wp-json\/wp\/v2\/tags?post=105508"}],"curies":[{"name":"wp","href":"https:\/\/api.w.org\/{rel}","templated":true}]}}