
{"id":105443,"date":"2022-10-10T19:35:30","date_gmt":"2022-10-10T22:35:30","guid":{"rendered":"https:\/\/www.sudoestehoje.com.br\/novoportal\/?p=105443"},"modified":"2022-10-10T19:35:30","modified_gmt":"2022-10-10T22:35:30","slug":"censo-do-ibge-em-itapetinga-anda-a-passos-lentos-segundo-moradores","status":"publish","type":"post","link":"https:\/\/www.sudoestehoje.com.br\/novoportal\/2022\/10\/10\/censo-do-ibge-em-itapetinga-anda-a-passos-lentos-segundo-moradores\/","title":{"rendered":"CENSO DO IBGE EM ITAPETINGA ANDA A PASSOS LENTOS, SEGUNDO MORADORES"},"content":{"rendered":"<p><a href=\"https:\/\/www.sudoestehoje.com.br\/novoportal\/wp-content\/uploads\/2022\/10\/pss-home.webp\"><img loading=\"lazy\" decoding=\"async\" class=\"aligncenter size-medium wp-image-105446\" src=\"https:\/\/www.sudoestehoje.com.br\/novoportal\/wp-content\/uploads\/2022\/10\/pss-home-500x277.webp\" alt=\"\" width=\"500\" height=\"277\" srcset=\"https:\/\/www.sudoestehoje.com.br\/novoportal\/wp-content\/uploads\/2022\/10\/pss-home-500x277.webp 500w, https:\/\/www.sudoestehoje.com.br\/novoportal\/wp-content\/uploads\/2022\/10\/pss-home-700x388.webp 700w, https:\/\/www.sudoestehoje.com.br\/novoportal\/wp-content\/uploads\/2022\/10\/pss-home-768x425.webp 768w, https:\/\/www.sudoestehoje.com.br\/novoportal\/wp-content\/uploads\/2022\/10\/pss-home.webp 984w\" sizes=\"auto, (max-width: 500px) 100vw, 500px\" \/><\/a><\/p>\n<p>No in\u00edcio deste m\u00eas de outubro, o Instituto Brasileiro de Geografia e Estat\u00edsticas (<a href=\"https:\/\/g1.globo.com\/tudo-sobre\/ibge\/\">IBGE<\/a>), anunciou o adiamento do fim da coleta de dados do Censo Demogr\u00e1fico de 2022 por causa da falta de recenseadores. A previs\u00e3o anterior era de encerrar no final deste m\u00eas. Agora, a previs\u00e3o de encerramento \u00e9 dezembro.<\/p>\n<p>Em Itapetinga, poucas pessoas foram recenseadas at\u00e9 o momento, de acordo com levantamento do<strong><em> Sudoeste Hoje<\/em><\/strong>, que constatou a total aus\u00eancia dos recenseadores do IBGE em diversos bairros da cidade e zona rural, atrav\u00e9s de contato com moradores, o que aumenta a desconfian\u00e7a quanto \u00e0 efici\u00eancia na coleta dos dados.<\/p>\n<p>O receio \u00e9 de que haja perda populacional em rela\u00e7\u00e3o \u00e0s estimativas anuais o pr\u00f3prio IBGE, o que comprometeria o repasse de verbas diretas do Tesouro Nacional, como o FPM, al\u00e9m dos repasses de verbas para v\u00e1rios programas sociais baseados na popula\u00e7\u00e3o do munic\u00edpio.<\/p>\n<p>O <strong><em>Sudoeste Hoje<\/em><\/strong> manteve contato contato com o escrit\u00f3rio regional do IBGE, em Vit\u00f3ria da Conquista, e aguarda maiores informa\u00e7\u00f5es sobre o recenseamento em Itapetinga e munic\u00edpios do M\u00e9dio Sudoeste.<\/p>\n<p><strong><em>Por Davi Ferraz<\/em><\/strong><\/p>\n","protected":false},"excerpt":{"rendered":"<p>No in\u00edcio deste m\u00eas de outubro, o Instituto Brasileiro de Geografia e Estat\u00edsticas (IBGE), anunciou o adiamento do fim da coleta de dados do Censo Demogr\u00e1fico de 2022 por causa da falta de recenseadores. A previs\u00e3o anterior era de encerrar no final deste m\u00eas. Agora, a previs\u00e3o de encerramento \u00e9 dezembro. Em Itapetinga, poucas pessoas [&hellip;]<\/p>\n","protected":false},"author":2,"featured_media":105446,"comment_status":"open","ping_status":"open","sticky":false,"template":"","format":"standard","meta":{"footnotes":"","_links_to":"","_links_to_target":""},"categories":[1],"tags":[],"class_list":["post-105443","post","type-post","status-publish","format-standard","has-post-thumbnail","hentry","category-geral"],"views":890,"_links":{"self":[{"href":"https:\/\/www.sudoestehoje.com.br\/novoportal\/wp-json\/wp\/v2\/posts\/105443","targetHints":{"allow":["GET"]}}],"collection":[{"href":"https:\/\/www.sudoestehoje.com.br\/novoportal\/wp-json\/wp\/v2\/posts"}],"about":[{"href":"https:\/\/www.sudoestehoje.com.br\/novoportal\/wp-json\/wp\/v2\/types\/post"}],"author":[{"embeddable":true,"href":"https:\/\/www.sudoestehoje.com.br\/novoportal\/wp-json\/wp\/v2\/users\/2"}],"replies":[{"embeddable":true,"href":"https:\/\/www.sudoestehoje.com.br\/novoportal\/wp-json\/wp\/v2\/comments?post=105443"}],"version-history":[{"count":5,"href":"https:\/\/www.sudoestehoje.com.br\/novoportal\/wp-json\/wp\/v2\/posts\/105443\/revisions"}],"predecessor-version":[{"id":105449,"href":"https:\/\/www.sudoestehoje.com.br\/novoportal\/wp-json\/wp\/v2\/posts\/105443\/revisions\/105449"}],"wp:featuredmedia":[{"embeddable":true,"href":"https:\/\/www.sudoestehoje.com.br\/novoportal\/wp-json\/wp\/v2\/media\/105446"}],"wp:attachment":[{"href":"https:\/\/www.sudoestehoje.com.br\/novoportal\/wp-json\/wp\/v2\/media?parent=105443"}],"wp:term":[{"taxonomy":"category","embeddable":true,"href":"https:\/\/www.sudoestehoje.com.br\/novoportal\/wp-json\/wp\/v2\/categories?post=105443"},{"taxonomy":"post_tag","embeddable":true,"href":"https:\/\/www.sudoestehoje.com.br\/novoportal\/wp-json\/wp\/v2\/tags?post=105443"}],"curies":[{"name":"wp","href":"https:\/\/api.w.org\/{rel}","templated":true}]}}