
{"id":105417,"date":"2022-10-08T22:32:48","date_gmt":"2022-10-09T01:32:48","guid":{"rendered":"https:\/\/www.sudoestehoje.com.br\/novoportal\/?p=105417"},"modified":"2022-10-08T22:32:48","modified_gmt":"2022-10-09T01:32:48","slug":"dia-da-crianca-sera-comemorado-com-muita-festa-e-alegria-no-parque-da-lagoa","status":"publish","type":"post","link":"https:\/\/www.sudoestehoje.com.br\/novoportal\/2022\/10\/08\/dia-da-crianca-sera-comemorado-com-muita-festa-e-alegria-no-parque-da-lagoa\/","title":{"rendered":"DIA DA CRIAN\u00c7A SER\u00c1 COMEMORADO COM MUITA FESTA E ALEGRIA NO PARQUE DA LAGOA"},"content":{"rendered":"<p><a href=\"https:\/\/www.sudoestehoje.com.br\/novoportal\/wp-content\/uploads\/2022\/10\/WhatsApp-Image-2022-10-08-at-22.29.17.jpeg\"><img loading=\"lazy\" decoding=\"async\" class=\"aligncenter size-medium wp-image-105418\" src=\"https:\/\/www.sudoestehoje.com.br\/novoportal\/wp-content\/uploads\/2022\/10\/WhatsApp-Image-2022-10-08-at-22.29.17-500x641.jpeg\" alt=\"\" width=\"500\" height=\"641\" srcset=\"https:\/\/www.sudoestehoje.com.br\/novoportal\/wp-content\/uploads\/2022\/10\/WhatsApp-Image-2022-10-08-at-22.29.17-500x641.jpeg 500w, https:\/\/www.sudoestehoje.com.br\/novoportal\/wp-content\/uploads\/2022\/10\/WhatsApp-Image-2022-10-08-at-22.29.17-700x898.jpeg 700w, https:\/\/www.sudoestehoje.com.br\/novoportal\/wp-content\/uploads\/2022\/10\/WhatsApp-Image-2022-10-08-at-22.29.17-768x985.jpeg 768w, https:\/\/www.sudoestehoje.com.br\/novoportal\/wp-content\/uploads\/2022\/10\/WhatsApp-Image-2022-10-08-at-22.29.17.jpeg 1047w\" sizes=\"auto, (max-width: 500px) 100vw, 500px\" \/><\/a><\/p>\n<p><strong>Brincar e sorrir, aprender a competir, compartilhar e vencer os desafios. Isso \u00e9 ser crian\u00e7a e isso \u00e9 o que nossos pequenos v\u00e3o fazer no dia deles! Um dia inteiro de muita divers\u00e3o e folia pra eles n\u00e3o se esquecerem o quanto \u00c9 BOM SER CRIAN\u00c7A!<\/strong><\/p>\n<p><strong>Uma programa\u00e7\u00e3o gratuita da Prefeitura de Itapetinga para toda a crian\u00e7ada.<\/strong><\/p>\n<p><strong>12 de outubro no Parque da Lagoa, a partir das 10hs.<\/strong><\/p>\n","protected":false},"excerpt":{"rendered":"<p>Brincar e sorrir, aprender a competir, compartilhar e vencer os desafios. Isso \u00e9 ser crian\u00e7a e isso \u00e9 o que nossos pequenos v\u00e3o fazer no dia deles! Um dia inteiro de muita divers\u00e3o e folia pra eles n\u00e3o se esquecerem o quanto \u00c9 BOM SER CRIAN\u00c7A! Uma programa\u00e7\u00e3o gratuita da Prefeitura de Itapetinga para toda [&hellip;]<\/p>\n","protected":false},"author":2,"featured_media":105418,"comment_status":"open","ping_status":"open","sticky":false,"template":"","format":"standard","meta":{"footnotes":"","_links_to":"","_links_to_target":""},"categories":[1],"tags":[],"class_list":["post-105417","post","type-post","status-publish","format-standard","has-post-thumbnail","hentry","category-geral"],"views":896,"_links":{"self":[{"href":"https:\/\/www.sudoestehoje.com.br\/novoportal\/wp-json\/wp\/v2\/posts\/105417","targetHints":{"allow":["GET"]}}],"collection":[{"href":"https:\/\/www.sudoestehoje.com.br\/novoportal\/wp-json\/wp\/v2\/posts"}],"about":[{"href":"https:\/\/www.sudoestehoje.com.br\/novoportal\/wp-json\/wp\/v2\/types\/post"}],"author":[{"embeddable":true,"href":"https:\/\/www.sudoestehoje.com.br\/novoportal\/wp-json\/wp\/v2\/users\/2"}],"replies":[{"embeddable":true,"href":"https:\/\/www.sudoestehoje.com.br\/novoportal\/wp-json\/wp\/v2\/comments?post=105417"}],"version-history":[{"count":2,"href":"https:\/\/www.sudoestehoje.com.br\/novoportal\/wp-json\/wp\/v2\/posts\/105417\/revisions"}],"predecessor-version":[{"id":105420,"href":"https:\/\/www.sudoestehoje.com.br\/novoportal\/wp-json\/wp\/v2\/posts\/105417\/revisions\/105420"}],"wp:featuredmedia":[{"embeddable":true,"href":"https:\/\/www.sudoestehoje.com.br\/novoportal\/wp-json\/wp\/v2\/media\/105418"}],"wp:attachment":[{"href":"https:\/\/www.sudoestehoje.com.br\/novoportal\/wp-json\/wp\/v2\/media?parent=105417"}],"wp:term":[{"taxonomy":"category","embeddable":true,"href":"https:\/\/www.sudoestehoje.com.br\/novoportal\/wp-json\/wp\/v2\/categories?post=105417"},{"taxonomy":"post_tag","embeddable":true,"href":"https:\/\/www.sudoestehoje.com.br\/novoportal\/wp-json\/wp\/v2\/tags?post=105417"}],"curies":[{"name":"wp","href":"https:\/\/api.w.org\/{rel}","templated":true}]}}