
{"id":105405,"date":"2022-10-08T16:00:19","date_gmt":"2022-10-08T19:00:19","guid":{"rendered":"https:\/\/www.sudoestehoje.com.br\/novoportal\/?p=105405"},"modified":"2022-10-08T16:15:58","modified_gmt":"2022-10-08T19:15:58","slug":"eleicoes-governo-bolsonaro-bate-recorde-na-geracao-de-empregos","status":"publish","type":"post","link":"https:\/\/www.sudoestehoje.com.br\/novoportal\/2022\/10\/08\/eleicoes-governo-bolsonaro-bate-recorde-na-geracao-de-empregos\/","title":{"rendered":"ECONOMIA | GOVERNO BOLSONARO BATE RECORDE NA GERA\u00c7\u00c3O DE EMPREGOS"},"content":{"rendered":"<p><a href=\"https:\/\/www.sudoestehoje.com.br\/novoportal\/wp-content\/uploads\/2022\/10\/WhatsApp-Image-2022-10-08-at-15.34.17-1.jpeg\"><img loading=\"lazy\" decoding=\"async\" class=\"aligncenter size-medium wp-image-105407\" src=\"https:\/\/www.sudoestehoje.com.br\/novoportal\/wp-content\/uploads\/2022\/10\/WhatsApp-Image-2022-10-08-at-15.34.17-1-465x700.jpeg\" alt=\"\" width=\"465\" height=\"700\" srcset=\"https:\/\/www.sudoestehoje.com.br\/novoportal\/wp-content\/uploads\/2022\/10\/WhatsApp-Image-2022-10-08-at-15.34.17-1-465x700.jpeg 465w, https:\/\/www.sudoestehoje.com.br\/novoportal\/wp-content\/uploads\/2022\/10\/WhatsApp-Image-2022-10-08-at-15.34.17-1-598x900.jpeg 598w, https:\/\/www.sudoestehoje.com.br\/novoportal\/wp-content\/uploads\/2022\/10\/WhatsApp-Image-2022-10-08-at-15.34.17-1-768x1157.jpeg 768w, https:\/\/www.sudoestehoje.com.br\/novoportal\/wp-content\/uploads\/2022\/10\/WhatsApp-Image-2022-10-08-at-15.34.17-1.jpeg 850w\" sizes=\"auto, (max-width: 465px) 100vw, 465px\" \/><\/a><\/p>\n<p>BOLSONARO:<\/p>\n<p>+ Maior n\u00famero de brasileiros trabalhando na hist\u00f3ria: 100,2 milh\u00f5es (junho\/2022)<br \/>\n+ Menor desemprego em 7 anos: 9,1% em julho\/2022 (mesmo com pandemia e guerra).<br \/>\n+ Saldo de mais de 5,5 milh\u00f5es de empregos ap\u00f3s maior crise mundial (desde jul\/2020)<br \/>\n+ Redu\u00e7\u00f5es de impostos e apoio a mais de 10 milh\u00f5es de empresas na pandemia (fique em casa que a economia a gente v\u00ea depois).<\/p>\n<p>\u00daltimo ano e meio de Bolsonaro:<\/p>\n<p>+ (2021\/2022): 4,59 milh\u00f5es de empregos gerados<br \/>\n+ 2021: +2,76 milh\u00f5es de empregos<br \/>\n+ 2022: +1,83 milh\u00f5es de empregos (at\u00e9 agosto)<\/p>\n<p><strong>O DESASTRE LULA E PT:<\/strong><\/p>\n<p>&#8211; Maior recess\u00e3o econ\u00f4mica da hist\u00f3ria do Brasil.<br \/>\n&#8211; Desemprego recorde antes do Bolsonaro: 13,9% em mar\u00e7o\/2017<br \/>\n&#8211; Resultado das m\u00e1s escolhas e das pol\u00edticas econ\u00f4micas erradas do passado<br \/>\n+ Corrup\u00e7\u00e3o e incompet\u00eancia destruindo o Brasil.<br \/>\n+ Agro desprezado e ind\u00fastrias achacadas por burocracias e impostos<\/p>\n<p>2 \u00faltimos anos do PT (2015\/2016):<\/p>\n<p>&#8211; 2,87 milh\u00f5es de empregos perdidos.<br \/>\n&#8211; 2015: -1.55 milh\u00f5es de empregos.<br \/>\n&#8211; 2016: -1,32 milh\u00f5es de empregos.<\/p>\n<p>O Brasil n\u00e3o merece o PT novamente.<\/p>\n","protected":false},"excerpt":{"rendered":"<p>BOLSONARO: + Maior n\u00famero de brasileiros trabalhando na hist\u00f3ria: 100,2 milh\u00f5es (junho\/2022) + Menor desemprego em 7 anos: 9,1% em julho\/2022 (mesmo com pandemia e guerra). + Saldo de mais de 5,5 milh\u00f5es de empregos ap\u00f3s maior crise mundial (desde jul\/2020) + Redu\u00e7\u00f5es de impostos e apoio a mais de 10 milh\u00f5es de empresas na [&hellip;]<\/p>\n","protected":false},"author":2,"featured_media":105406,"comment_status":"open","ping_status":"open","sticky":false,"template":"","format":"standard","meta":{"footnotes":"","_links_to":"","_links_to_target":""},"categories":[1],"tags":[],"class_list":["post-105405","post","type-post","status-publish","format-standard","has-post-thumbnail","hentry","category-geral"],"views":1062,"_links":{"self":[{"href":"https:\/\/www.sudoestehoje.com.br\/novoportal\/wp-json\/wp\/v2\/posts\/105405","targetHints":{"allow":["GET"]}}],"collection":[{"href":"https:\/\/www.sudoestehoje.com.br\/novoportal\/wp-json\/wp\/v2\/posts"}],"about":[{"href":"https:\/\/www.sudoestehoje.com.br\/novoportal\/wp-json\/wp\/v2\/types\/post"}],"author":[{"embeddable":true,"href":"https:\/\/www.sudoestehoje.com.br\/novoportal\/wp-json\/wp\/v2\/users\/2"}],"replies":[{"embeddable":true,"href":"https:\/\/www.sudoestehoje.com.br\/novoportal\/wp-json\/wp\/v2\/comments?post=105405"}],"version-history":[{"count":5,"href":"https:\/\/www.sudoestehoje.com.br\/novoportal\/wp-json\/wp\/v2\/posts\/105405\/revisions"}],"predecessor-version":[{"id":105412,"href":"https:\/\/www.sudoestehoje.com.br\/novoportal\/wp-json\/wp\/v2\/posts\/105405\/revisions\/105412"}],"wp:featuredmedia":[{"embeddable":true,"href":"https:\/\/www.sudoestehoje.com.br\/novoportal\/wp-json\/wp\/v2\/media\/105406"}],"wp:attachment":[{"href":"https:\/\/www.sudoestehoje.com.br\/novoportal\/wp-json\/wp\/v2\/media?parent=105405"}],"wp:term":[{"taxonomy":"category","embeddable":true,"href":"https:\/\/www.sudoestehoje.com.br\/novoportal\/wp-json\/wp\/v2\/categories?post=105405"},{"taxonomy":"post_tag","embeddable":true,"href":"https:\/\/www.sudoestehoje.com.br\/novoportal\/wp-json\/wp\/v2\/tags?post=105405"}],"curies":[{"name":"wp","href":"https:\/\/api.w.org\/{rel}","templated":true}]}}