
{"id":105364,"date":"2022-10-05T08:56:55","date_gmt":"2022-10-05T11:56:55","guid":{"rendered":"https:\/\/www.sudoestehoje.com.br\/novoportal\/?p=105364"},"modified":"2022-10-05T08:56:55","modified_gmt":"2022-10-05T11:56:55","slug":"esporte-itapetinga-sediou-3a-etapa-do-campeonato-baiano-de-downhill","status":"publish","type":"post","link":"https:\/\/www.sudoestehoje.com.br\/novoportal\/2022\/10\/05\/esporte-itapetinga-sediou-3a-etapa-do-campeonato-baiano-de-downhill\/","title":{"rendered":"ESPORTE | ITAPETINGA SEDIOU 3\u00aa ETAPA DO CAMPEONATO BAIANO DE DOWNHILL"},"content":{"rendered":"<p><a href=\"https:\/\/www.sudoestehoje.com.br\/novoportal\/wp-content\/uploads\/2022\/10\/WhatsApp-Image-2022-09-29-at-11.11.17.jpeg\"><img loading=\"lazy\" decoding=\"async\" class=\"aligncenter size-medium wp-image-105367\" src=\"https:\/\/www.sudoestehoje.com.br\/novoportal\/wp-content\/uploads\/2022\/10\/WhatsApp-Image-2022-09-29-at-11.11.17-500x375.jpeg\" alt=\"\" width=\"500\" height=\"375\" srcset=\"https:\/\/www.sudoestehoje.com.br\/novoportal\/wp-content\/uploads\/2022\/10\/WhatsApp-Image-2022-09-29-at-11.11.17-500x375.jpeg 500w, https:\/\/www.sudoestehoje.com.br\/novoportal\/wp-content\/uploads\/2022\/10\/WhatsApp-Image-2022-09-29-at-11.11.17-700x525.jpeg 700w, https:\/\/www.sudoestehoje.com.br\/novoportal\/wp-content\/uploads\/2022\/10\/WhatsApp-Image-2022-09-29-at-11.11.17-768x576.jpeg 768w, https:\/\/www.sudoestehoje.com.br\/novoportal\/wp-content\/uploads\/2022\/10\/WhatsApp-Image-2022-09-29-at-11.11.17.jpeg 1024w\" sizes=\"auto, (max-width: 500px) 100vw, 500px\" \/><\/a><\/p>\n<p>Nos dias 24 e 25 de setembro, os amantes de bicicleta e aventura se encontraram no Monte das Torres, de onde desceram, em velocidade m\u00e1xima, pelos mais diferentes obst\u00e1culos. A torre recebeu a infraestrutura necess\u00e1ria com o apoio total da secretaria de Esportes para que o evento fosse realizado a um n\u00edvel de alta performance.<\/p>\n<p><a href=\"https:\/\/www.sudoestehoje.com.br\/novoportal\/wp-content\/uploads\/2022\/10\/WhatsApp-Image-2022-09-29-at-11.12.09-1.jpeg\"><img loading=\"lazy\" decoding=\"async\" class=\"aligncenter size-medium wp-image-105368\" src=\"https:\/\/www.sudoestehoje.com.br\/novoportal\/wp-content\/uploads\/2022\/10\/WhatsApp-Image-2022-09-29-at-11.12.09-1-500x375.jpeg\" alt=\"\" width=\"500\" height=\"375\" srcset=\"https:\/\/www.sudoestehoje.com.br\/novoportal\/wp-content\/uploads\/2022\/10\/WhatsApp-Image-2022-09-29-at-11.12.09-1-500x375.jpeg 500w, https:\/\/www.sudoestehoje.com.br\/novoportal\/wp-content\/uploads\/2022\/10\/WhatsApp-Image-2022-09-29-at-11.12.09-1-700x525.jpeg 700w, https:\/\/www.sudoestehoje.com.br\/novoportal\/wp-content\/uploads\/2022\/10\/WhatsApp-Image-2022-09-29-at-11.12.09-1-768x576.jpeg 768w, https:\/\/www.sudoestehoje.com.br\/novoportal\/wp-content\/uploads\/2022\/10\/WhatsApp-Image-2022-09-29-at-11.12.09-1.jpeg 1024w\" sizes=\"auto, (max-width: 500px) 100vw, 500px\" \/><\/a><\/p>\n<p>No s\u00e1bado aconteceu a fase classificat\u00f3ria que determinou a ordem de largada da final no domingo, quando foram descobertos os mais r\u00e1pidos da pista participou da etapa mais de 70 pilotos de toda a Bahia.<\/p>\n<p>Secretaria de Esportes apoiando todos os esportes.<\/p>\n","protected":false},"excerpt":{"rendered":"<p>Nos dias 24 e 25 de setembro, os amantes de bicicleta e aventura se encontraram no Monte das Torres, de onde desceram, em velocidade m\u00e1xima, pelos mais diferentes obst\u00e1culos. A torre recebeu a infraestrutura necess\u00e1ria com o apoio total da secretaria de Esportes para que o evento fosse realizado a um n\u00edvel de alta performance. [&hellip;]<\/p>\n","protected":false},"author":2,"featured_media":105367,"comment_status":"open","ping_status":"open","sticky":false,"template":"","format":"standard","meta":{"footnotes":"","_links_to":"","_links_to_target":""},"categories":[1],"tags":[],"class_list":["post-105364","post","type-post","status-publish","format-standard","has-post-thumbnail","hentry","category-geral"],"views":772,"_links":{"self":[{"href":"https:\/\/www.sudoestehoje.com.br\/novoportal\/wp-json\/wp\/v2\/posts\/105364","targetHints":{"allow":["GET"]}}],"collection":[{"href":"https:\/\/www.sudoestehoje.com.br\/novoportal\/wp-json\/wp\/v2\/posts"}],"about":[{"href":"https:\/\/www.sudoestehoje.com.br\/novoportal\/wp-json\/wp\/v2\/types\/post"}],"author":[{"embeddable":true,"href":"https:\/\/www.sudoestehoje.com.br\/novoportal\/wp-json\/wp\/v2\/users\/2"}],"replies":[{"embeddable":true,"href":"https:\/\/www.sudoestehoje.com.br\/novoportal\/wp-json\/wp\/v2\/comments?post=105364"}],"version-history":[{"count":2,"href":"https:\/\/www.sudoestehoje.com.br\/novoportal\/wp-json\/wp\/v2\/posts\/105364\/revisions"}],"predecessor-version":[{"id":105370,"href":"https:\/\/www.sudoestehoje.com.br\/novoportal\/wp-json\/wp\/v2\/posts\/105364\/revisions\/105370"}],"wp:featuredmedia":[{"embeddable":true,"href":"https:\/\/www.sudoestehoje.com.br\/novoportal\/wp-json\/wp\/v2\/media\/105367"}],"wp:attachment":[{"href":"https:\/\/www.sudoestehoje.com.br\/novoportal\/wp-json\/wp\/v2\/media?parent=105364"}],"wp:term":[{"taxonomy":"category","embeddable":true,"href":"https:\/\/www.sudoestehoje.com.br\/novoportal\/wp-json\/wp\/v2\/categories?post=105364"},{"taxonomy":"post_tag","embeddable":true,"href":"https:\/\/www.sudoestehoje.com.br\/novoportal\/wp-json\/wp\/v2\/tags?post=105364"}],"curies":[{"name":"wp","href":"https:\/\/api.w.org\/{rel}","templated":true}]}}