
{"id":105336,"date":"2022-10-03T23:34:39","date_gmt":"2022-10-04T02:34:39","guid":{"rendered":"https:\/\/www.sudoestehoje.com.br\/novoportal\/?p=105336"},"modified":"2022-10-03T23:34:39","modified_gmt":"2022-10-04T02:34:39","slug":"eleicoes-2022-veja-os-deputados-estaduais-que-nao-se-reelegeram-na-bahia","status":"publish","type":"post","link":"https:\/\/www.sudoestehoje.com.br\/novoportal\/2022\/10\/03\/eleicoes-2022-veja-os-deputados-estaduais-que-nao-se-reelegeram-na-bahia\/","title":{"rendered":"ELEI\u00c7\u00d5ES 2022 | VEJA OS DEPUTADOS ESTADUAIS QUE N\u00c3O SE REELEGERAM NA BAHIA"},"content":{"rendered":"<p><a href=\"https:\/\/www.sudoestehoje.com.br\/novoportal\/wp-content\/uploads\/2022\/10\/p-2-1.jpg\"><img loading=\"lazy\" decoding=\"async\" class=\"aligncenter size-medium wp-image-105337\" src=\"https:\/\/www.sudoestehoje.com.br\/novoportal\/wp-content\/uploads\/2022\/10\/p-2-1-500x375.jpg\" alt=\"\" width=\"500\" height=\"375\" srcset=\"https:\/\/www.sudoestehoje.com.br\/novoportal\/wp-content\/uploads\/2022\/10\/p-2-1-500x375.jpg 500w, https:\/\/www.sudoestehoje.com.br\/novoportal\/wp-content\/uploads\/2022\/10\/p-2-1-700x525.jpg 700w, https:\/\/www.sudoestehoje.com.br\/novoportal\/wp-content\/uploads\/2022\/10\/p-2-1-768x576.jpg 768w, https:\/\/www.sudoestehoje.com.br\/novoportal\/wp-content\/uploads\/2022\/10\/p-2-1.jpg 960w\" sizes=\"auto, (max-width: 500px) 100vw, 500px\" \/><\/a><\/p>\n<p>Ap\u00f3s a totaliza\u00e7\u00e3o da apura\u00e7\u00e3o das urnas na Bahia, alguns dos ditos favoritos \u00e0 reelei\u00e7\u00e3o de deputado estadual v\u00e3o ficar sem mandato a partir de 2023. Ao total, 14 parlamentares que buscaram a renova\u00e7\u00e3o por mais quatro anos dos seus respectivos per\u00edodos na Assembleia Legislativa da Bahia (ALBA) n\u00e3o tiveram sucesso no pleito.<\/p>\n<p>Dentre eles, figura o atuante deputado Paulo C\u00e2mara (PSDB), que contou com o apoio de figuras importantes ligadas ao agroneg\u00f3cio em Itapetinga e vereadores, obtendo 2.003 votos no munic\u00edpio. Vai fazer falta.<\/p>\n<p>Josaf\u00e1 Marinho (Avante)<br \/>\nFab\u00edola Mansur (PSB)<br \/>\nJusmari Oliveira (PSD)<br \/>\nPastor Ubaldino (PDT)<br \/>\n<strong>Paulo C\u00e2mara (PSDB)<\/strong><br \/>\nMarcelino Galo (PT)<br \/>\nNeusa Cadore (PT)<br \/>\nJac\u00f3 (PT)<br \/>\nBira Coroa (PT)<br \/>\nAlan Castro (PV)<br \/>\nCarlos Geilson (SD)<br \/>\n<strong>Soldado Prisco (Uni\u00e3o)<\/strong><br \/>\nMirela Macedo (Uni\u00e3o)<br \/>\nDavid Rios (Uni\u00e3o)<\/p>\n","protected":false},"excerpt":{"rendered":"<p>Ap\u00f3s a totaliza\u00e7\u00e3o da apura\u00e7\u00e3o das urnas na Bahia, alguns dos ditos favoritos \u00e0 reelei\u00e7\u00e3o de deputado estadual v\u00e3o ficar sem mandato a partir de 2023. Ao total, 14 parlamentares que buscaram a renova\u00e7\u00e3o por mais quatro anos dos seus respectivos per\u00edodos na Assembleia Legislativa da Bahia (ALBA) n\u00e3o tiveram sucesso no pleito. Dentre eles, [&hellip;]<\/p>\n","protected":false},"author":2,"featured_media":105337,"comment_status":"open","ping_status":"open","sticky":false,"template":"","format":"standard","meta":{"footnotes":"","_links_to":"","_links_to_target":""},"categories":[1],"tags":[],"class_list":["post-105336","post","type-post","status-publish","format-standard","has-post-thumbnail","hentry","category-geral"],"views":841,"_links":{"self":[{"href":"https:\/\/www.sudoestehoje.com.br\/novoportal\/wp-json\/wp\/v2\/posts\/105336","targetHints":{"allow":["GET"]}}],"collection":[{"href":"https:\/\/www.sudoestehoje.com.br\/novoportal\/wp-json\/wp\/v2\/posts"}],"about":[{"href":"https:\/\/www.sudoestehoje.com.br\/novoportal\/wp-json\/wp\/v2\/types\/post"}],"author":[{"embeddable":true,"href":"https:\/\/www.sudoestehoje.com.br\/novoportal\/wp-json\/wp\/v2\/users\/2"}],"replies":[{"embeddable":true,"href":"https:\/\/www.sudoestehoje.com.br\/novoportal\/wp-json\/wp\/v2\/comments?post=105336"}],"version-history":[{"count":2,"href":"https:\/\/www.sudoestehoje.com.br\/novoportal\/wp-json\/wp\/v2\/posts\/105336\/revisions"}],"predecessor-version":[{"id":105339,"href":"https:\/\/www.sudoestehoje.com.br\/novoportal\/wp-json\/wp\/v2\/posts\/105336\/revisions\/105339"}],"wp:featuredmedia":[{"embeddable":true,"href":"https:\/\/www.sudoestehoje.com.br\/novoportal\/wp-json\/wp\/v2\/media\/105337"}],"wp:attachment":[{"href":"https:\/\/www.sudoestehoje.com.br\/novoportal\/wp-json\/wp\/v2\/media?parent=105336"}],"wp:term":[{"taxonomy":"category","embeddable":true,"href":"https:\/\/www.sudoestehoje.com.br\/novoportal\/wp-json\/wp\/v2\/categories?post=105336"},{"taxonomy":"post_tag","embeddable":true,"href":"https:\/\/www.sudoestehoje.com.br\/novoportal\/wp-json\/wp\/v2\/tags?post=105336"}],"curies":[{"name":"wp","href":"https:\/\/api.w.org\/{rel}","templated":true}]}}