
{"id":105333,"date":"2022-10-03T22:48:41","date_gmt":"2022-10-04T01:48:41","guid":{"rendered":"https:\/\/www.sudoestehoje.com.br\/novoportal\/?p=105333"},"modified":"2022-10-03T22:48:41","modified_gmt":"2022-10-04T01:48:41","slug":"eleicoes-2022-veja-os-deputados-federais-que-nao-se-reelegeram-na-bahia","status":"publish","type":"post","link":"https:\/\/www.sudoestehoje.com.br\/novoportal\/2022\/10\/03\/eleicoes-2022-veja-os-deputados-federais-que-nao-se-reelegeram-na-bahia\/","title":{"rendered":"ELEI\u00c7\u00d5ES 2022 | VEJA OS DEPUTADOS FEDERAIS QUE N\u00c3O SE REELEGERAM NA BAHIA"},"content":{"rendered":"<p><a href=\"https:\/\/www.sudoestehoje.com.br\/novoportal\/wp-content\/uploads\/2022\/10\/nilo.jpg\"><img loading=\"lazy\" decoding=\"async\" class=\"aligncenter size-medium wp-image-105334\" src=\"https:\/\/www.sudoestehoje.com.br\/novoportal\/wp-content\/uploads\/2022\/10\/nilo-500x350.jpg\" alt=\"\" width=\"500\" height=\"350\" srcset=\"https:\/\/www.sudoestehoje.com.br\/novoportal\/wp-content\/uploads\/2022\/10\/nilo-500x350.jpg 500w, https:\/\/www.sudoestehoje.com.br\/novoportal\/wp-content\/uploads\/2022\/10\/nilo.jpg 600w\" sizes=\"auto, (max-width: 500px) 100vw, 500px\" \/><\/a><\/p>\n<p>Outro figur\u00e3o da pol\u00edtica baiana que n\u00e3o conseguiu se reeleger nestas elei\u00e7\u00f5es, foi Marcelo Nilo (Republicanos). Em Itapetinga, Nilo contou com o apoio de figuras conhecidas na pol\u00edtica local, como o empres\u00e1rio e advogado Marcos Correia, o jovem advogado Jo\u00e3o Coelho e o casal de ex-vereadores Zenaide e Nailton Negreiro.<\/p>\n<p>Veja os deputados federais da Bahia que tentavam a reelei\u00e7\u00e3o e perderam o mandato:<\/p>\n<p><strong>Marcelo Nilo (Republicanos)<\/strong><\/p>\n<p><strong> Professora Dayane Pimentel (Uni\u00e3o)<\/strong><\/p>\n<p><strong>Tito (Avante)<\/strong><\/p>\n<p><strong>Uldurico Junior (MDB)<\/strong><\/p>\n<p><strong>\u00a0Charles Fernandes (PSD)<\/strong><\/p>\n<p><strong>\u00a0Igor Kann\u00e1rio (Uni\u00e3o)<\/strong><\/p>\n<p><strong> Joceval Rodrigues (Cidadania)<\/strong><\/p>\n<p><strong>Josias Gomes (PT).<\/strong><\/p>\n<p><strong>Por Davi Ferraz<\/strong><\/p>\n","protected":false},"excerpt":{"rendered":"<p>Outro figur\u00e3o da pol\u00edtica baiana que n\u00e3o conseguiu se reeleger nestas elei\u00e7\u00f5es, foi Marcelo Nilo (Republicanos). Em Itapetinga, Nilo contou com o apoio de figuras conhecidas na pol\u00edtica local, como o empres\u00e1rio e advogado Marcos Correia, o jovem advogado Jo\u00e3o Coelho e o casal de ex-vereadores Zenaide e Nailton Negreiro. Veja os deputados federais da [&hellip;]<\/p>\n","protected":false},"author":2,"featured_media":105334,"comment_status":"open","ping_status":"open","sticky":false,"template":"","format":"standard","meta":{"footnotes":"","_links_to":"","_links_to_target":""},"categories":[1],"tags":[],"class_list":["post-105333","post","type-post","status-publish","format-standard","has-post-thumbnail","hentry","category-geral"],"views":906,"_links":{"self":[{"href":"https:\/\/www.sudoestehoje.com.br\/novoportal\/wp-json\/wp\/v2\/posts\/105333","targetHints":{"allow":["GET"]}}],"collection":[{"href":"https:\/\/www.sudoestehoje.com.br\/novoportal\/wp-json\/wp\/v2\/posts"}],"about":[{"href":"https:\/\/www.sudoestehoje.com.br\/novoportal\/wp-json\/wp\/v2\/types\/post"}],"author":[{"embeddable":true,"href":"https:\/\/www.sudoestehoje.com.br\/novoportal\/wp-json\/wp\/v2\/users\/2"}],"replies":[{"embeddable":true,"href":"https:\/\/www.sudoestehoje.com.br\/novoportal\/wp-json\/wp\/v2\/comments?post=105333"}],"version-history":[{"count":1,"href":"https:\/\/www.sudoestehoje.com.br\/novoportal\/wp-json\/wp\/v2\/posts\/105333\/revisions"}],"predecessor-version":[{"id":105335,"href":"https:\/\/www.sudoestehoje.com.br\/novoportal\/wp-json\/wp\/v2\/posts\/105333\/revisions\/105335"}],"wp:featuredmedia":[{"embeddable":true,"href":"https:\/\/www.sudoestehoje.com.br\/novoportal\/wp-json\/wp\/v2\/media\/105334"}],"wp:attachment":[{"href":"https:\/\/www.sudoestehoje.com.br\/novoportal\/wp-json\/wp\/v2\/media?parent=105333"}],"wp:term":[{"taxonomy":"category","embeddable":true,"href":"https:\/\/www.sudoestehoje.com.br\/novoportal\/wp-json\/wp\/v2\/categories?post=105333"},{"taxonomy":"post_tag","embeddable":true,"href":"https:\/\/www.sudoestehoje.com.br\/novoportal\/wp-json\/wp\/v2\/tags?post=105333"}],"curies":[{"name":"wp","href":"https:\/\/api.w.org\/{rel}","templated":true}]}}