
{"id":105309,"date":"2022-10-03T10:04:01","date_gmt":"2022-10-03T13:04:01","guid":{"rendered":"https:\/\/www.sudoestehoje.com.br\/novoportal\/?p=105309"},"modified":"2022-10-03T10:04:01","modified_gmt":"2022-10-03T13:04:01","slug":"eleicoes-2022-otto-alencar-e-reeleito-para-o-senado-com-mais-votos-que-jeronimo","status":"publish","type":"post","link":"https:\/\/www.sudoestehoje.com.br\/novoportal\/2022\/10\/03\/eleicoes-2022-otto-alencar-e-reeleito-para-o-senado-com-mais-votos-que-jeronimo\/","title":{"rendered":"ELEI\u00c7\u00d5ES 2022 | OTTO ALENCAR \u00c9 REELEITO PARA O SENADO COM MAIS VOTOS QUE JER\u00d4NIMO"},"content":{"rendered":"<div class=\"mc-column content-text active-extra-styles \" data-block-type=\"unstyled\" data-block-weight=\"36\" data-block-id=\"3\">\n<p data-track-category=\"Link no Texto\" data-track-links=\"\"><a href=\"https:\/\/www.sudoestehoje.com.br\/novoportal\/wp-content\/uploads\/2022\/10\/otto-alencar-divulgacao.webp\"><img loading=\"lazy\" decoding=\"async\" class=\"aligncenter size-medium wp-image-105310\" src=\"https:\/\/www.sudoestehoje.com.br\/novoportal\/wp-content\/uploads\/2022\/10\/otto-alencar-divulgacao-500x333.webp\" alt=\"\" width=\"500\" height=\"333\" srcset=\"https:\/\/www.sudoestehoje.com.br\/novoportal\/wp-content\/uploads\/2022\/10\/otto-alencar-divulgacao-500x333.webp 500w, https:\/\/www.sudoestehoje.com.br\/novoportal\/wp-content\/uploads\/2022\/10\/otto-alencar-divulgacao-700x466.webp 700w, https:\/\/www.sudoestehoje.com.br\/novoportal\/wp-content\/uploads\/2022\/10\/otto-alencar-divulgacao-768x511.webp 768w, https:\/\/www.sudoestehoje.com.br\/novoportal\/wp-content\/uploads\/2022\/10\/otto-alencar-divulgacao.webp 984w\" sizes=\"auto, (max-width: 500px) 100vw, 500px\" \/><\/a><\/p>\n<p class=\"content-text__container \" data-track-category=\"Link no Texto\" data-track-links=\"\">Otto Alencar, do PSD, foi reeleito senador pela Bahia, neste domingo (2), para os pr\u00f3ximos oito anos. Com 100% das urnas apuradas, Otto obteve\u00a0 58,31% dos votos v\u00e1lidos ( 4.218.333 votos), percentual maior do que o do candidato a governador da sua coliga\u00e7\u00e3o, Jer\u00f4nimo Rodrigues (PT).<\/p>\n<\/div>\n<div class=\"wall protected-content\">\n<div class=\"mc-column content-text active-extra-styles \" data-block-type=\"unstyled\" data-block-weight=\"38\" data-block-id=\"4\">\n<p class=\"content-text__container \" data-track-category=\"Link no Texto\" data-track-links=\"\">Otto integrou a chapa de Jer\u00f4nimo Rodrigues, do\u00a0<a href=\"https:\/\/g1.globo.com\/politica\/partido\/pt\/\">PT<\/a>, para governador. O candidato Cac\u00e1 Le\u00e3o (PP) aparece na segunda coloca\u00e7\u00e3o com 25,24% (1.826.218 votos v\u00e1lidos).<\/p>\n<div class=\"info\" data-v-dfcad94c=\"\">\n<div class=\"info-name\" data-v-dfcad94c=\"\">Doutora Raissa Soares (PL), ligada ao presidente Jair Bolsonaro, foi a terceira colocada com 14,61% dos votos (1.057.085 votos).<\/div>\n<\/div>\n<div class=\"votes\" data-v-dfcad94c=\"\"><\/div>\n<\/div>\n<\/div>\n","protected":false},"excerpt":{"rendered":"<p>Otto Alencar, do PSD, foi reeleito senador pela Bahia, neste domingo (2), para os pr\u00f3ximos oito anos. Com 100% das urnas apuradas, Otto obteve\u00a0 58,31% dos votos v\u00e1lidos ( 4.218.333 votos), percentual maior do que o do candidato a governador da sua coliga\u00e7\u00e3o, Jer\u00f4nimo Rodrigues (PT). Otto integrou a chapa de Jer\u00f4nimo Rodrigues, do\u00a0PT, para [&hellip;]<\/p>\n","protected":false},"author":2,"featured_media":105310,"comment_status":"open","ping_status":"open","sticky":false,"template":"","format":"standard","meta":{"footnotes":"","_links_to":"","_links_to_target":""},"categories":[1],"tags":[],"class_list":["post-105309","post","type-post","status-publish","format-standard","has-post-thumbnail","hentry","category-geral"],"views":694,"_links":{"self":[{"href":"https:\/\/www.sudoestehoje.com.br\/novoportal\/wp-json\/wp\/v2\/posts\/105309","targetHints":{"allow":["GET"]}}],"collection":[{"href":"https:\/\/www.sudoestehoje.com.br\/novoportal\/wp-json\/wp\/v2\/posts"}],"about":[{"href":"https:\/\/www.sudoestehoje.com.br\/novoportal\/wp-json\/wp\/v2\/types\/post"}],"author":[{"embeddable":true,"href":"https:\/\/www.sudoestehoje.com.br\/novoportal\/wp-json\/wp\/v2\/users\/2"}],"replies":[{"embeddable":true,"href":"https:\/\/www.sudoestehoje.com.br\/novoportal\/wp-json\/wp\/v2\/comments?post=105309"}],"version-history":[{"count":3,"href":"https:\/\/www.sudoestehoje.com.br\/novoportal\/wp-json\/wp\/v2\/posts\/105309\/revisions"}],"predecessor-version":[{"id":105313,"href":"https:\/\/www.sudoestehoje.com.br\/novoportal\/wp-json\/wp\/v2\/posts\/105309\/revisions\/105313"}],"wp:featuredmedia":[{"embeddable":true,"href":"https:\/\/www.sudoestehoje.com.br\/novoportal\/wp-json\/wp\/v2\/media\/105310"}],"wp:attachment":[{"href":"https:\/\/www.sudoestehoje.com.br\/novoportal\/wp-json\/wp\/v2\/media?parent=105309"}],"wp:term":[{"taxonomy":"category","embeddable":true,"href":"https:\/\/www.sudoestehoje.com.br\/novoportal\/wp-json\/wp\/v2\/categories?post=105309"},{"taxonomy":"post_tag","embeddable":true,"href":"https:\/\/www.sudoestehoje.com.br\/novoportal\/wp-json\/wp\/v2\/tags?post=105309"}],"curies":[{"name":"wp","href":"https:\/\/api.w.org\/{rel}","templated":true}]}}