
{"id":105300,"date":"2022-10-03T09:38:02","date_gmt":"2022-10-03T12:38:02","guid":{"rendered":"https:\/\/www.sudoestehoje.com.br\/novoportal\/?p=105300"},"modified":"2022-10-03T09:40:48","modified_gmt":"2022-10-03T12:40:48","slug":"eleicoes-2022-veja-lista-dos-39-deputados-federais-eleitos-na-bahia","status":"publish","type":"post","link":"https:\/\/www.sudoestehoje.com.br\/novoportal\/2022\/10\/03\/eleicoes-2022-veja-lista-dos-39-deputados-federais-eleitos-na-bahia\/","title":{"rendered":"ELEI\u00c7\u00d5ES 2022 | VEJA LISTA DOS 39 DEPUTADOS FEDERAIS ELEITOS NA BAHIA"},"content":{"rendered":"<div id=\"attachment_105304\" style=\"width: 510px\" class=\"wp-caption aligncenter\"><a href=\"https:\/\/www.sudoestehoje.com.br\/novoportal\/wp-content\/uploads\/2022\/10\/ANTONIO-BRITO-1.jpg\"><img loading=\"lazy\" decoding=\"async\" aria-describedby=\"caption-attachment-105304\" class=\"size-medium wp-image-105304\" src=\"https:\/\/www.sudoestehoje.com.br\/novoportal\/wp-content\/uploads\/2022\/10\/ANTONIO-BRITO-1-500x333.jpg\" alt=\"\" width=\"500\" height=\"333\" srcset=\"https:\/\/www.sudoestehoje.com.br\/novoportal\/wp-content\/uploads\/2022\/10\/ANTONIO-BRITO-1-500x333.jpg 500w, https:\/\/www.sudoestehoje.com.br\/novoportal\/wp-content\/uploads\/2022\/10\/ANTONIO-BRITO-1-700x466.jpg 700w, https:\/\/www.sudoestehoje.com.br\/novoportal\/wp-content\/uploads\/2022\/10\/ANTONIO-BRITO-1.jpg 768w\" sizes=\"auto, (max-width: 500px) 100vw, 500px\" \/><\/a><p id=\"caption-attachment-105304\" class=\"wp-caption-text\"><strong><em>COM 165.386 VOTOS O REPRESENTANTE DE ITAPETINGA ANT\u00d4NIO BRITO FOI O 4\u00ba MAIS VOTADO NA BAHIA<\/em><\/strong><\/p><\/div>\n<p>Os eleitores baianos elegeram, neste domingo (2), 39 deputados federais que ir\u00e3o compor a C\u00e2mara dos Deputados em Bras\u00edlia, a partir de janeiro de 2023. Os 4 deputados mais votados foram: Otto Filho (PSD), Elmar Nascimento (Uni\u00e3o Brasil) e Diego Coronel (PSD) e <strong>Antonio Brito<\/strong>. <em>Confira lista<\/em>:<\/p>\n<div class=\"mc-column content-text active-extra-styles\" data-block-type=\"raw\" data-block-weight=\"205\" data-block-id=\"7\">\n<ol class=\"content-ordered-list theme-ordered-list-color-primary\">\n<li>Otto Filho &#8211; PSD: 200.909<\/li>\n<li>Elmar Nascimento &#8211; UNI\u00c3O BRASIL: 175.439<\/li>\n<li>Diego Coronel &#8211; PSD: 171.684<\/li>\n<li><strong>Antonio Brito &#8211; PSD: 165.386<\/strong><\/li>\n<li>Neto Carletto &#8211; PROGRESSISTAS: 164.655<\/li>\n<li>Roberta Roma &#8211; PL: 160.731<\/li>\n<li>Claudio Cajado &#8211; PROGRESSISTAS: 154.098<\/li>\n<li>M\u00e1rio Negromonte Jr &#8211; PROGRESSISTAS : 147.711<\/li>\n<li>L\u00e9o Prates &#8211; PDT: 143.763<\/li>\n<li>Deputado Dal &#8211; UNI\u00c3O: 140.435<\/li>\n<li>Gabriel Nunes &#8211; PSD: 138.448<\/li>\n<li>Paulo Azi &#8211; UNI\u00c3O BRASIL: 137.383<\/li>\n<li>Ricardo Maia &#8211; MDB: 136.834<\/li>\n<li>Jorge Solla &#8211; PT: 128.968<\/li>\n<li>Z\u00e9 Neto &#8211; PT: 128.439<\/li>\n<li>Daniel &#8211; PCdoB: 125.374<\/li>\n<li>Alice Portugal &#8211; PCdoB: 124.358<\/li>\n<li>Adolfo Viana &#8211; PSDB: 123.199<\/li>\n<li>Marcio Marinho &#8211; REPUBLICANOS: 118.904<\/li>\n<li>Afonso Florence &#8211; PT: 118.021<\/li>\n<li>S\u00e9rgio Brito &#8211; PSD: 116.960<\/li>\n<li>Waldenor Pereira &#8211; PT: 113.110<\/li>\n<li>L\u00eddice Da Mata &#8211; PSB: 112.385<\/li>\n<li>Bacelar &#8211; PV: 110.787<\/li>\n<li>Arthur Maia &#8211; UNI\u00c3O BRASIL: 108.672<\/li>\n<li>Paulo Magalh\u00e3es &#8211; PSD: 107.093<\/li>\n<li>Alex Santana &#8211; REPUBLICANOS: 106.940<\/li>\n<li>Ivoneide Caetano &#8211; PT: 105.885<\/li>\n<li>Joseildo Ramos &#8211; PT: 104.228<\/li>\n<li>Jo\u00e3o Le\u00e3o &#8211; PROGRESSISTAS: 102.376<\/li>\n<li>Capit\u00e3o Alden &#8211; PL: 95.151<\/li>\n<li>Jo\u00e3o Carlos Bacelar &#8211; PL: 90.229<\/li>\n<li>Valmir Assun\u00e7\u00e3o &#8211; PT: 90.148<\/li>\n<li>Rogeria Santos &#8211; REPUBLICANOS: 82.012<\/li>\n<li>Leur Lomanto Jr &#8211; UNI\u00c3O BRASIL: 82.004<\/li>\n<li>Jos\u00e9 Rocha &#8211; UNI\u00c3O BRASIL: 78.833<\/li>\n<li>Pastor Sargento Isid\u00f3rio &#8211; AVANTE: 77.164<\/li>\n<li>Felix Mendon\u00e7a &#8211; PDT: 71.774<\/li>\n<li>Raimundo Costa &#8211; PODEMOS<\/li>\n<\/ol>\n<\/div>\n<div class=\"content-ads content-ads--reveal\" data-block-type=\"ads\" data-block-id=\"8\"><\/div>\n","protected":false},"excerpt":{"rendered":"<p>Os eleitores baianos elegeram, neste domingo (2), 39 deputados federais que ir\u00e3o compor a C\u00e2mara dos Deputados em Bras\u00edlia, a partir de janeiro de 2023. Os 4 deputados mais votados foram: Otto Filho (PSD), Elmar Nascimento (Uni\u00e3o Brasil) e Diego Coronel (PSD) e Antonio Brito. Confira lista: Otto Filho &#8211; PSD: 200.909 Elmar Nascimento &#8211; [&hellip;]<\/p>\n","protected":false},"author":2,"featured_media":105304,"comment_status":"open","ping_status":"open","sticky":false,"template":"","format":"standard","meta":{"footnotes":"","_links_to":"","_links_to_target":""},"categories":[1],"tags":[],"class_list":["post-105300","post","type-post","status-publish","format-standard","has-post-thumbnail","hentry","category-geral"],"views":841,"_links":{"self":[{"href":"https:\/\/www.sudoestehoje.com.br\/novoportal\/wp-json\/wp\/v2\/posts\/105300","targetHints":{"allow":["GET"]}}],"collection":[{"href":"https:\/\/www.sudoestehoje.com.br\/novoportal\/wp-json\/wp\/v2\/posts"}],"about":[{"href":"https:\/\/www.sudoestehoje.com.br\/novoportal\/wp-json\/wp\/v2\/types\/post"}],"author":[{"embeddable":true,"href":"https:\/\/www.sudoestehoje.com.br\/novoportal\/wp-json\/wp\/v2\/users\/2"}],"replies":[{"embeddable":true,"href":"https:\/\/www.sudoestehoje.com.br\/novoportal\/wp-json\/wp\/v2\/comments?post=105300"}],"version-history":[{"count":6,"href":"https:\/\/www.sudoestehoje.com.br\/novoportal\/wp-json\/wp\/v2\/posts\/105300\/revisions"}],"predecessor-version":[{"id":105308,"href":"https:\/\/www.sudoestehoje.com.br\/novoportal\/wp-json\/wp\/v2\/posts\/105300\/revisions\/105308"}],"wp:featuredmedia":[{"embeddable":true,"href":"https:\/\/www.sudoestehoje.com.br\/novoportal\/wp-json\/wp\/v2\/media\/105304"}],"wp:attachment":[{"href":"https:\/\/www.sudoestehoje.com.br\/novoportal\/wp-json\/wp\/v2\/media?parent=105300"}],"wp:term":[{"taxonomy":"category","embeddable":true,"href":"https:\/\/www.sudoestehoje.com.br\/novoportal\/wp-json\/wp\/v2\/categories?post=105300"},{"taxonomy":"post_tag","embeddable":true,"href":"https:\/\/www.sudoestehoje.com.br\/novoportal\/wp-json\/wp\/v2\/tags?post=105300"}],"curies":[{"name":"wp","href":"https:\/\/api.w.org\/{rel}","templated":true}]}}