
{"id":10530,"date":"2011-11-16T07:38:42","date_gmt":"2011-11-16T10:38:42","guid":{"rendered":"http:\/\/www.sudoestehoje.com.br\/novoportal\/?p=10530"},"modified":"2011-11-16T07:38:42","modified_gmt":"2011-11-16T10:38:42","slug":"itororo-inauguracao-da-usina-de-rio-do-meio","status":"publish","type":"post","link":"https:\/\/www.sudoestehoje.com.br\/novoportal\/2011\/11\/16\/itororo-inauguracao-da-usina-de-rio-do-meio\/","title":{"rendered":"ITOROR\u00d3: INAUGURA\u00c7\u00c3O DA USINA DE RIO DO MEIO"},"content":{"rendered":"<p style=\"text-align: center;\"><a href=\"http:\/\/www.sudoestehoje.com.br\/novoportal\/wp-content\/uploads\/2011\/11\/USINA-JPG.jpg\"><img decoding=\"async\" class=\"aligncenter size-medium wp-image-10531\" title=\"USINA JPG\" src=\"http:\/\/www.sudoestehoje.com.br\/novoportal\/wp-content\/uploads\/2011\/11\/USINA-JPG-500x867.jpg\" alt=\"\" width=\"400\" srcset=\"https:\/\/www.sudoestehoje.com.br\/novoportal\/wp-content\/uploads\/2011\/11\/USINA-JPG-500x867.jpg 500w, https:\/\/www.sudoestehoje.com.br\/novoportal\/wp-content\/uploads\/2011\/11\/USINA-JPG-590x1024.jpg 590w, https:\/\/www.sudoestehoje.com.br\/novoportal\/wp-content\/uploads\/2011\/11\/USINA-JPG.jpg 931w\" sizes=\"(max-width: 500px) 100vw, 500px\" \/><\/a><\/p>\n<p>O governo do PT de Itoror\u00f3 anunciou em seu blog a inaugura\u00e7\u00e3o de uma usina de leite no distrito do Rio do Meio, para o dia 11 de novembro desse ano, por\u00e9m as pessoas que foram at\u00e9 l\u00e1, como eu, deram com os burros n\u2019\u00e1gua. A tal inaugura\u00e7\u00e3o n\u00e3o aconteceu porque al\u00e9m da obra n\u00e3o ter sido conclu\u00edda em tempo, para o com\u00edcio fora de \u00e9poca e os comes e bebes, soube que a constru\u00e7\u00e3o foi condenada pelos t\u00e9cnicos do Minist\u00e9rio das Minas e Energia, que detectaram desvios de finalidade no projeto. (sei como \u00e9 que \u00e9&#8230;), Vale ressaltar que nem energia foi instalada na usina. A energia para tocar a obra veio de um \u201cgato\u201d que a administra\u00e7\u00e3o fez no cemit\u00e9rio vizinho. Vide fotos anexas.<\/p>\n<p>Fazer &#8220;gato&#8221; no cemit\u00e9rio \u00e9 de lascar! Administra\u00e7\u00e3o premiada \u00e9 assim.<\/p>\n<p><strong><em>Por Milton Marinho<\/em><\/strong><\/p>\n","protected":false},"excerpt":{"rendered":"<p>O governo do PT de Itoror\u00f3 anunciou em seu blog a inaugura\u00e7\u00e3o de uma usina de leite no distrito do Rio do Meio, para o dia 11 de novembro desse ano, por\u00e9m as pessoas que foram at\u00e9 l\u00e1, como eu, deram com os burros n\u2019\u00e1gua. A tal inaugura\u00e7\u00e3o n\u00e3o aconteceu porque al\u00e9m da obra n\u00e3o [&hellip;]<\/p>\n","protected":false},"author":2,"featured_media":0,"comment_status":"open","ping_status":"open","sticky":false,"template":"","format":"standard","meta":{"footnotes":"","_links_to":"","_links_to_target":""},"categories":[1],"tags":[],"class_list":["post-10530","post","type-post","status-publish","format-standard","hentry","category-geral"],"views":1358,"_links":{"self":[{"href":"https:\/\/www.sudoestehoje.com.br\/novoportal\/wp-json\/wp\/v2\/posts\/10530","targetHints":{"allow":["GET"]}}],"collection":[{"href":"https:\/\/www.sudoestehoje.com.br\/novoportal\/wp-json\/wp\/v2\/posts"}],"about":[{"href":"https:\/\/www.sudoestehoje.com.br\/novoportal\/wp-json\/wp\/v2\/types\/post"}],"author":[{"embeddable":true,"href":"https:\/\/www.sudoestehoje.com.br\/novoportal\/wp-json\/wp\/v2\/users\/2"}],"replies":[{"embeddable":true,"href":"https:\/\/www.sudoestehoje.com.br\/novoportal\/wp-json\/wp\/v2\/comments?post=10530"}],"version-history":[{"count":2,"href":"https:\/\/www.sudoestehoje.com.br\/novoportal\/wp-json\/wp\/v2\/posts\/10530\/revisions"}],"predecessor-version":[{"id":10533,"href":"https:\/\/www.sudoestehoje.com.br\/novoportal\/wp-json\/wp\/v2\/posts\/10530\/revisions\/10533"}],"wp:attachment":[{"href":"https:\/\/www.sudoestehoje.com.br\/novoportal\/wp-json\/wp\/v2\/media?parent=10530"}],"wp:term":[{"taxonomy":"category","embeddable":true,"href":"https:\/\/www.sudoestehoje.com.br\/novoportal\/wp-json\/wp\/v2\/categories?post=10530"},{"taxonomy":"post_tag","embeddable":true,"href":"https:\/\/www.sudoestehoje.com.br\/novoportal\/wp-json\/wp\/v2\/tags?post=10530"}],"curies":[{"name":"wp","href":"https:\/\/api.w.org\/{rel}","templated":true}]}}