
{"id":105296,"date":"2022-10-03T09:19:30","date_gmt":"2022-10-03T12:19:30","guid":{"rendered":"https:\/\/www.sudoestehoje.com.br\/novoportal\/?p=105296"},"modified":"2022-10-03T09:19:30","modified_gmt":"2022-10-03T12:19:30","slug":"eleicoes-2022-veja-quem-sao-os-63-deputados-estaduais-eleitos-na-bahia","status":"publish","type":"post","link":"https:\/\/www.sudoestehoje.com.br\/novoportal\/2022\/10\/03\/eleicoes-2022-veja-quem-sao-os-63-deputados-estaduais-eleitos-na-bahia\/","title":{"rendered":"ELEI\u00c7\u00d5ES 2022 | VEJA QUEM S\u00c3O OS 63 DEPUTADOS ESTADUAIS ELEITOS NA BAHIA"},"content":{"rendered":"<p><a href=\"https:\/\/www.sudoestehoje.com.br\/novoportal\/wp-content\/uploads\/2022\/10\/plenario17.webp\"><img loading=\"lazy\" decoding=\"async\" class=\"aligncenter size-medium wp-image-105298\" src=\"https:\/\/www.sudoestehoje.com.br\/novoportal\/wp-content\/uploads\/2022\/10\/plenario17-500x313.webp\" alt=\"\" width=\"500\" height=\"313\" srcset=\"https:\/\/www.sudoestehoje.com.br\/novoportal\/wp-content\/uploads\/2022\/10\/plenario17-500x313.webp 500w, https:\/\/www.sudoestehoje.com.br\/novoportal\/wp-content\/uploads\/2022\/10\/plenario17-700x438.webp 700w, https:\/\/www.sudoestehoje.com.br\/novoportal\/wp-content\/uploads\/2022\/10\/plenario17-768x481.webp 768w, https:\/\/www.sudoestehoje.com.br\/novoportal\/wp-content\/uploads\/2022\/10\/plenario17.webp 984w\" sizes=\"auto, (max-width: 500px) 100vw, 500px\" \/><\/a><\/p>\n<p>Os eleitores baianos elegeram, neste domingo (2), 63 deputados estaduais para compor o novo mandato na Assembleia Legislativa (Alba), a partir de janeiro de 2023. Do total, 39 foram reeleitos. Os outros 24 s\u00e3o novatos. Confira a lista:<\/p>\n<ol class=\"content-ordered-list theme-ordered-list-color-primary\">\n<li>Ivana Bastos (PSD): 118.417<\/li>\n<li>Alex Da Piat\u00e3 (PSD): 114.778<\/li>\n<li>Adolfo Menezes (PSD): 107.747<\/li>\n<li>Marcinho Oliveira (Uni\u00e3o Brasil): 104.969<\/li>\n<li>Samuel Junior (Republicanos): 98.914<\/li>\n<li>Olivia Santana (PCdoB): 92.559<\/li>\n<li>Rosemberg (PT): 90.769<\/li>\n<li>Rog\u00e9rio Andrade (MDB): 89.269<\/li>\n<li>Niltinho (PP): 88.313<\/li>\n<li>Z\u00e9 Raimundo Fontes (PT): 87.695<\/li>\n<li>Nelson Leal (PP): 81.683<\/li>\n<li>Eures Ribeiro (PSD): 81.508<\/li>\n<li>Jurailton Santos (Republicanos): 80.601<\/li>\n<li>Pedro Tavares (Uni\u00e3o Brasil): 80.490<\/li>\n<li>Katia Oliveira (Uni\u00e3o Brasil): 80.417<\/li>\n<li>Marcelinho Veiga (Uni\u00e3o Brasil): 78.456<\/li>\n<li>Jose De Arimateia (Republicanos): 77.995<\/li>\n<li>Osni (PT): 77.624<\/li>\n<li>Alan Sanches (Uni\u00e3o Brasil): 77.316<\/li>\n<li>Angelo Coronel Filho (PSD): 76.455<\/li>\n<li>Sandro R\u00e9gis (Uni\u00e3o Brasil): 76.361<\/li>\n<li>Tiago Correia (PSDB): 71.986<\/li>\n<li>Eduardo Salles (PP): 68.673<\/li>\n<li>Luciano Sim\u00f5es (Uni\u00e3o Brasil): 68.377<\/li>\n<li>Vitor Bonfim (PV): 68.043<\/li>\n<li>Vitor Azevedo (PL): 67.847<\/li>\n<li>Cafu Barreto (PSD): 67.324<\/li>\n<li>Eduardo Alencar (PSD): 67.265<\/li>\n<li>Junior Muniz (PT): 67.175<\/li>\n<li>Marquinho Viana (PV): 66.940<\/li>\n<li>Manuel Rocha (Uni\u00e3o Brasil): 66.445<\/li>\n<li>Robinho (Uni\u00e3o Brasil): 65.681<\/li>\n<li>Junior Nascimento (Uni\u00e3o Brasil): 65.423<\/li>\n<li>Jordavio Ramos (PSDB): 64.569<\/li>\n<li>Bob\u00f4 (PCdoB): 61.469<\/li>\n<li>Soane Galv\u00e3o (PSB): 61.39<\/li>\n<li>Ludmilla Fiscina (PV): 60.921<\/li>\n<li>Hassan De Z\u00e9 Coc\u00e1 (PP): 60.718<\/li>\n<li>Matheus De Geraldo J\u00fanior (MDB): 60.214<\/li>\n<li>Angelo Almeida (PSB): 59.841<\/li>\n<li>Robinson (PT): 59.435<\/li>\n<li>Fabr\u00edcio (PCdoB): 57.903<\/li>\n<li>Roberto Carlos (PV): 57.798<\/li>\n<li>Fatima Nunes (PT): 56.642<\/li>\n<li>Pablo Roberto (PSDB): 55.585<\/li>\n<li>Euclides Fernandes (PT): 55.278<\/li>\n<li>Ricardo Rodrigues (PSD): 55.031<\/li>\n<li>Emerson Penalva (PDT): 51.933<\/li>\n<li>Felipe Duarte (PP): 51.187<\/li>\n<li>Z\u00f3 (PCdoB): 50.893<\/li>\n<li>Maria Del Carmen (PT): 50.365<\/li>\n<li>Claudia Oliveira (PSD): 49.944<\/li>\n<li>Ant\u00f4nio Henrique Jr. (PP): 49.882<\/li>\n<li>Binho Galinha (Patriota): 49.834<\/li>\n<li>Paulo Rangel (PT): 49.639<\/li>\n<li>Hilton Coelho (PSOL): 45.491<\/li>\n<li>Laerte Do Vando (PSC): 44.669<\/li>\n<li>Leandro De Jesus (PL): 39.206<\/li>\n<li>Patrick Lopes (Avante): 35.607<\/li>\n<li>Raimundinho da Jr (PL): 35.188<\/li>\n<li>Dr. Diego Castro (PL): 33.827<\/li>\n<li>Luciano Araujo (SD): 28.412<\/li>\n<li>Pancadinha (SD): 27.338<\/li>\n<\/ol>\n","protected":false},"excerpt":{"rendered":"<p>Os eleitores baianos elegeram, neste domingo (2), 63 deputados estaduais para compor o novo mandato na Assembleia Legislativa (Alba), a partir de janeiro de 2023. Do total, 39 foram reeleitos. Os outros 24 s\u00e3o novatos. Confira a lista: Ivana Bastos (PSD): 118.417 Alex Da Piat\u00e3 (PSD): 114.778 Adolfo Menezes (PSD): 107.747 Marcinho Oliveira (Uni\u00e3o Brasil): [&hellip;]<\/p>\n","protected":false},"author":2,"featured_media":105298,"comment_status":"open","ping_status":"open","sticky":false,"template":"","format":"standard","meta":{"footnotes":"","_links_to":"","_links_to_target":""},"categories":[1],"tags":[],"class_list":["post-105296","post","type-post","status-publish","format-standard","has-post-thumbnail","hentry","category-geral"],"views":774,"_links":{"self":[{"href":"https:\/\/www.sudoestehoje.com.br\/novoportal\/wp-json\/wp\/v2\/posts\/105296","targetHints":{"allow":["GET"]}}],"collection":[{"href":"https:\/\/www.sudoestehoje.com.br\/novoportal\/wp-json\/wp\/v2\/posts"}],"about":[{"href":"https:\/\/www.sudoestehoje.com.br\/novoportal\/wp-json\/wp\/v2\/types\/post"}],"author":[{"embeddable":true,"href":"https:\/\/www.sudoestehoje.com.br\/novoportal\/wp-json\/wp\/v2\/users\/2"}],"replies":[{"embeddable":true,"href":"https:\/\/www.sudoestehoje.com.br\/novoportal\/wp-json\/wp\/v2\/comments?post=105296"}],"version-history":[{"count":2,"href":"https:\/\/www.sudoestehoje.com.br\/novoportal\/wp-json\/wp\/v2\/posts\/105296\/revisions"}],"predecessor-version":[{"id":105299,"href":"https:\/\/www.sudoestehoje.com.br\/novoportal\/wp-json\/wp\/v2\/posts\/105296\/revisions\/105299"}],"wp:featuredmedia":[{"embeddable":true,"href":"https:\/\/www.sudoestehoje.com.br\/novoportal\/wp-json\/wp\/v2\/media\/105298"}],"wp:attachment":[{"href":"https:\/\/www.sudoestehoje.com.br\/novoportal\/wp-json\/wp\/v2\/media?parent=105296"}],"wp:term":[{"taxonomy":"category","embeddable":true,"href":"https:\/\/www.sudoestehoje.com.br\/novoportal\/wp-json\/wp\/v2\/categories?post=105296"},{"taxonomy":"post_tag","embeddable":true,"href":"https:\/\/www.sudoestehoje.com.br\/novoportal\/wp-json\/wp\/v2\/tags?post=105296"}],"curies":[{"name":"wp","href":"https:\/\/api.w.org\/{rel}","templated":true}]}}