
{"id":10527,"date":"2011-11-15T22:06:30","date_gmt":"2011-11-16T01:06:30","guid":{"rendered":"http:\/\/www.sudoestehoje.com.br\/novoportal\/?p=10527"},"modified":"2011-11-15T22:07:08","modified_gmt":"2011-11-16T01:07:08","slug":"cafe-requentado","status":"publish","type":"post","link":"https:\/\/www.sudoestehoje.com.br\/novoportal\/2011\/11\/15\/cafe-requentado\/","title":{"rendered":"CAF\u00c9 REQUENTADO"},"content":{"rendered":"<p><img decoding=\"async\" src=\"http:\/\/3.bp.blogspot.com\/_B1W2AgWIg_g\/TQgUraMSdhI\/AAAAAAAAACc\/UIG_A8XGZgA\/s1600\/caf%25C3%25A9.jpg\" alt=\"\" width=\"160\" \/><\/p>\n<p>Sem ter obras para inaugurar, a trupe do prefeito Z\u00e9 Carlos teve a &#8216;brilhante&#8217; ideia de reinaugurar obras prontas, dos tempos de Michel, Z\u00e9 Marcos e at\u00e9 Espinheira. No embalo, algumas lavanderias e postos de sa\u00fade receberam um verdadeiro &#8216;m\u00e9-de-coruja&#8217; e a pet\u00eazada se esbaldou. Por conta disto, j\u00e1 tem gente chamando o prefeito Z\u00e9 Carlos de &#8220;Caf\u00e9 Requentado&#8221;. Com esta ideia de inaugurar o Samu duas vezes, at\u00e9 que o apelido combina&#8230;<\/p>\n","protected":false},"excerpt":{"rendered":"<p>Sem ter obras para inaugurar, a trupe do prefeito Z\u00e9 Carlos teve a &#8216;brilhante&#8217; ideia de reinaugurar obras prontas, dos tempos de Michel, Z\u00e9 Marcos e at\u00e9 Espinheira. No embalo, algumas lavanderias e postos de sa\u00fade receberam um verdadeiro &#8216;m\u00e9-de-coruja&#8217; e a pet\u00eazada se esbaldou. Por conta disto, j\u00e1 tem gente chamando o prefeito Z\u00e9 [&hellip;]<\/p>\n","protected":false},"author":2,"featured_media":0,"comment_status":"open","ping_status":"open","sticky":false,"template":"","format":"standard","meta":{"footnotes":"","_links_to":"","_links_to_target":""},"categories":[11],"tags":[],"class_list":["post-10527","post","type-post","status-publish","format-standard","hentry","category-quentinhas"],"views":1133,"_links":{"self":[{"href":"https:\/\/www.sudoestehoje.com.br\/novoportal\/wp-json\/wp\/v2\/posts\/10527","targetHints":{"allow":["GET"]}}],"collection":[{"href":"https:\/\/www.sudoestehoje.com.br\/novoportal\/wp-json\/wp\/v2\/posts"}],"about":[{"href":"https:\/\/www.sudoestehoje.com.br\/novoportal\/wp-json\/wp\/v2\/types\/post"}],"author":[{"embeddable":true,"href":"https:\/\/www.sudoestehoje.com.br\/novoportal\/wp-json\/wp\/v2\/users\/2"}],"replies":[{"embeddable":true,"href":"https:\/\/www.sudoestehoje.com.br\/novoportal\/wp-json\/wp\/v2\/comments?post=10527"}],"version-history":[{"count":2,"href":"https:\/\/www.sudoestehoje.com.br\/novoportal\/wp-json\/wp\/v2\/posts\/10527\/revisions"}],"predecessor-version":[{"id":10529,"href":"https:\/\/www.sudoestehoje.com.br\/novoportal\/wp-json\/wp\/v2\/posts\/10527\/revisions\/10529"}],"wp:attachment":[{"href":"https:\/\/www.sudoestehoje.com.br\/novoportal\/wp-json\/wp\/v2\/media?parent=10527"}],"wp:term":[{"taxonomy":"category","embeddable":true,"href":"https:\/\/www.sudoestehoje.com.br\/novoportal\/wp-json\/wp\/v2\/categories?post=10527"},{"taxonomy":"post_tag","embeddable":true,"href":"https:\/\/www.sudoestehoje.com.br\/novoportal\/wp-json\/wp\/v2\/tags?post=10527"}],"curies":[{"name":"wp","href":"https:\/\/api.w.org\/{rel}","templated":true}]}}