
{"id":105195,"date":"2022-09-29T07:39:23","date_gmt":"2022-09-29T10:39:23","guid":{"rendered":"https:\/\/www.sudoestehoje.com.br\/novoportal\/?p=105195"},"modified":"2022-09-29T10:43:25","modified_gmt":"2022-09-29T13:43:25","slug":"itapetinga-rodrigo-e-renan-fecham-campanha-de-acm-neto-com-grande-caminhada","status":"publish","type":"post","link":"https:\/\/www.sudoestehoje.com.br\/novoportal\/2022\/09\/29\/itapetinga-rodrigo-e-renan-fecham-campanha-de-acm-neto-com-grande-caminhada\/","title":{"rendered":"ITAPETINGA | RODRIGO E RENAN FECHAM CAMPANHA DE ACM NETO COM GRANDE CAMINHADA"},"content":{"rendered":"<p><a href=\"https:\/\/www.sudoestehoje.com.br\/novoportal\/wp-content\/uploads\/2022\/09\/WhatsApp-Image-2022-09-29-at-07.30.13.jpeg\"><img loading=\"lazy\" decoding=\"async\" class=\"aligncenter size-medium wp-image-105201\" src=\"https:\/\/www.sudoestehoje.com.br\/novoportal\/wp-content\/uploads\/2022\/09\/WhatsApp-Image-2022-09-29-at-07.30.13-500x282.jpeg\" alt=\"\" width=\"500\" height=\"282\" srcset=\"https:\/\/www.sudoestehoje.com.br\/novoportal\/wp-content\/uploads\/2022\/09\/WhatsApp-Image-2022-09-29-at-07.30.13-500x282.jpeg 500w, https:\/\/www.sudoestehoje.com.br\/novoportal\/wp-content\/uploads\/2022\/09\/WhatsApp-Image-2022-09-29-at-07.30.13-700x394.jpeg 700w, https:\/\/www.sudoestehoje.com.br\/novoportal\/wp-content\/uploads\/2022\/09\/WhatsApp-Image-2022-09-29-at-07.30.13-768x432.jpeg 768w, https:\/\/www.sudoestehoje.com.br\/novoportal\/wp-content\/uploads\/2022\/09\/WhatsApp-Image-2022-09-29-at-07.30.13-1536x865.jpeg 1536w, https:\/\/www.sudoestehoje.com.br\/novoportal\/wp-content\/uploads\/2022\/09\/WhatsApp-Image-2022-09-29-at-07.30.13.jpeg 1600w\" sizes=\"auto, (max-width: 500px) 100vw, 500px\" \/><\/a><\/p>\n<p>A campanha de ACM Neto para o governo da Bahia chegou ao seu \u00e1pice, em Itapetinga, com a realiza\u00e7\u00e3o de uma grande caminhada no populoso bairro Nova Itapetinga, na noite desta quarta-feira (28), com enorme participa\u00e7\u00e3o popular, como j\u00e1 \u00e9 tradi\u00e7\u00e3o nos atos realizados pelo prefeito Rodrigo Hagge e seu vice Renan Pereira.<\/p>\n<p><a href=\"https:\/\/www.sudoestehoje.com.br\/novoportal\/wp-content\/uploads\/2022\/09\/WhatsApp-Image-2022-09-29-at-07.30.13-2.jpeg\"><img loading=\"lazy\" decoding=\"async\" class=\"aligncenter size-medium wp-image-105200\" src=\"https:\/\/www.sudoestehoje.com.br\/novoportal\/wp-content\/uploads\/2022\/09\/WhatsApp-Image-2022-09-29-at-07.30.13-2-500x281.jpeg\" alt=\"\" width=\"500\" height=\"281\" srcset=\"https:\/\/www.sudoestehoje.com.br\/novoportal\/wp-content\/uploads\/2022\/09\/WhatsApp-Image-2022-09-29-at-07.30.13-2-500x281.jpeg 500w, https:\/\/www.sudoestehoje.com.br\/novoportal\/wp-content\/uploads\/2022\/09\/WhatsApp-Image-2022-09-29-at-07.30.13-2-700x394.jpeg 700w, https:\/\/www.sudoestehoje.com.br\/novoportal\/wp-content\/uploads\/2022\/09\/WhatsApp-Image-2022-09-29-at-07.30.13-2-768x432.jpeg 768w, https:\/\/www.sudoestehoje.com.br\/novoportal\/wp-content\/uploads\/2022\/09\/WhatsApp-Image-2022-09-29-at-07.30.13-2-1536x864.jpeg 1536w, https:\/\/www.sudoestehoje.com.br\/novoportal\/wp-content\/uploads\/2022\/09\/WhatsApp-Image-2022-09-29-at-07.30.13-2.jpeg 1600w\" sizes=\"auto, (max-width: 500px) 100vw, 500px\" \/><\/a><\/p>\n<p>A grande participa\u00e7\u00e3o do eleitorado no ato, foi espont\u00e2nea, e demonstrou a for\u00e7a pol\u00edtica e lideran\u00e7a do prefeito Rodrigo Hagge, que dever\u00e1 dar ao candidato do Uni\u00e3o Brasil uma vit\u00f3ria folgada na &#8216;Capital da Pecu\u00e1ria Baiana&#8217;, um dos redutos de ACM Neto no interior da Bahia.\u00a0Neto n\u00e3o pode comparecer, mas foi bem representado pelos deputados Artur Maia e Pedro Tavares, sem falar das lideran\u00e7as locais e regionais que participaram do evento.<\/p>\n<p><a href=\"https:\/\/www.sudoestehoje.com.br\/novoportal\/wp-content\/uploads\/2022\/09\/WhatsApp-Image-2022-09-29-at-07.30.13-1.jpeg\"><img loading=\"lazy\" decoding=\"async\" class=\"aligncenter size-medium wp-image-105199\" src=\"https:\/\/www.sudoestehoje.com.br\/novoportal\/wp-content\/uploads\/2022\/09\/WhatsApp-Image-2022-09-29-at-07.30.13-1-500x282.jpeg\" alt=\"\" width=\"500\" height=\"282\" srcset=\"https:\/\/www.sudoestehoje.com.br\/novoportal\/wp-content\/uploads\/2022\/09\/WhatsApp-Image-2022-09-29-at-07.30.13-1-500x282.jpeg 500w, https:\/\/www.sudoestehoje.com.br\/novoportal\/wp-content\/uploads\/2022\/09\/WhatsApp-Image-2022-09-29-at-07.30.13-1-700x394.jpeg 700w, https:\/\/www.sudoestehoje.com.br\/novoportal\/wp-content\/uploads\/2022\/09\/WhatsApp-Image-2022-09-29-at-07.30.13-1-768x432.jpeg 768w, https:\/\/www.sudoestehoje.com.br\/novoportal\/wp-content\/uploads\/2022\/09\/WhatsApp-Image-2022-09-29-at-07.30.13-1-1536x865.jpeg 1536w, https:\/\/www.sudoestehoje.com.br\/novoportal\/wp-content\/uploads\/2022\/09\/WhatsApp-Image-2022-09-29-at-07.30.13-1.jpeg 1600w\" sizes=\"auto, (max-width: 500px) 100vw, 500px\" \/><\/a><\/p>\n<p>A Caminhada percorreu um per\u00edmetro mais curto, a pedido do pr\u00f3prio ACM Neto, em raz\u00e3o da sua agenda em outros munic\u00edpios, o que foi mantido, apesar do cancelamento da sua vinda, j\u00e1 em cima da hora.<\/p>\n<p>No concorrido palanque, figuras expressivas da pol\u00edtica local como Michel Hagge e Dr. Jos\u00e9 Ot\u00e1vio, se fizeram presentes e foram homenageados e aplaudidos pelo enorme p\u00fablico presente. <em>Confira fotos:<\/em><\/p>\n\n\t\t<style type=\"text\/css\">\n\t\t\t#gallery-1 {\n\t\t\t\tmargin: auto;\n\t\t\t}\n\t\t\t#gallery-1 .gallery-item {\n\t\t\t\tfloat: left;\n\t\t\t\tmargin-top: 10px;\n\t\t\t\ttext-align: center;\n\t\t\t\twidth: 33%;\n\t\t\t}\n\t\t\t#gallery-1 img {\n\t\t\t\tborder: 2px solid #cfcfcf;\n\t\t\t}\n\t\t\t#gallery-1 .gallery-caption {\n\t\t\t\tmargin-left: 0;\n\t\t\t}\n\t\t\t\/* see gallery_shortcode() in wp-includes\/media.php *\/\n\t\t<\/style>\n\t\t<div id='gallery-1' class='gallery galleryid-105195 gallery-columns-3 gallery-size-thumbnail'><dl class='gallery-item'>\n\t\t\t<dt class='gallery-icon landscape'>\n\t\t\t\t<a href='https:\/\/www.sudoestehoje.com.br\/novoportal\/2022\/09\/29\/itapetinga-rodrigo-e-renan-fecham-campanha-de-acm-neto-com-grande-caminhada\/whatsapp-image-2022-09-29-at-09-20-02\/'><img loading=\"lazy\" decoding=\"async\" width=\"150\" height=\"150\" src=\"https:\/\/www.sudoestehoje.com.br\/novoportal\/wp-content\/uploads\/2022\/09\/WhatsApp-Image-2022-09-29-at-09.20.02-150x150.jpeg\" class=\"attachment-thumbnail size-thumbnail\" alt=\"\" \/><\/a>\n\t\t\t<\/dt><\/dl><dl class='gallery-item'>\n\t\t\t<dt class='gallery-icon landscape'>\n\t\t\t\t<a href='https:\/\/www.sudoestehoje.com.br\/novoportal\/2022\/09\/29\/itapetinga-rodrigo-e-renan-fecham-campanha-de-acm-neto-com-grande-caminhada\/whatsapp-image-2022-09-29-at-09-20-02-2\/'><img loading=\"lazy\" decoding=\"async\" width=\"150\" height=\"150\" src=\"https:\/\/www.sudoestehoje.com.br\/novoportal\/wp-content\/uploads\/2022\/09\/WhatsApp-Image-2022-09-29-at-09.20.02-2-150x150.jpeg\" class=\"attachment-thumbnail size-thumbnail\" alt=\"\" \/><\/a>\n\t\t\t<\/dt><\/dl><dl class='gallery-item'>\n\t\t\t<dt class='gallery-icon landscape'>\n\t\t\t\t<a href='https:\/\/www.sudoestehoje.com.br\/novoportal\/2022\/09\/29\/itapetinga-rodrigo-e-renan-fecham-campanha-de-acm-neto-com-grande-caminhada\/whatsapp-image-2022-09-29-at-09-20-02-1\/'><img loading=\"lazy\" decoding=\"async\" width=\"150\" height=\"150\" src=\"https:\/\/www.sudoestehoje.com.br\/novoportal\/wp-content\/uploads\/2022\/09\/WhatsApp-Image-2022-09-29-at-09.20.02-1-150x150.jpeg\" class=\"attachment-thumbnail size-thumbnail\" alt=\"\" \/><\/a>\n\t\t\t<\/dt><\/dl><br style=\"clear: both\" \/><dl class='gallery-item'>\n\t\t\t<dt class='gallery-icon landscape'>\n\t\t\t\t<a href='https:\/\/www.sudoestehoje.com.br\/novoportal\/2022\/09\/29\/itapetinga-rodrigo-e-renan-fecham-campanha-de-acm-neto-com-grande-caminhada\/whatsapp-image-2022-09-29-at-09-20-01\/'><img loading=\"lazy\" decoding=\"async\" width=\"150\" height=\"150\" src=\"https:\/\/www.sudoestehoje.com.br\/novoportal\/wp-content\/uploads\/2022\/09\/WhatsApp-Image-2022-09-29-at-09.20.01-150x150.jpeg\" class=\"attachment-thumbnail size-thumbnail\" alt=\"\" \/><\/a>\n\t\t\t<\/dt><\/dl><dl class='gallery-item'>\n\t\t\t<dt class='gallery-icon landscape'>\n\t\t\t\t<a href='https:\/\/www.sudoestehoje.com.br\/novoportal\/2022\/09\/29\/itapetinga-rodrigo-e-renan-fecham-campanha-de-acm-neto-com-grande-caminhada\/whatsapp-image-2022-09-29-at-09-20-01-1\/'><img loading=\"lazy\" decoding=\"async\" width=\"150\" height=\"150\" src=\"https:\/\/www.sudoestehoje.com.br\/novoportal\/wp-content\/uploads\/2022\/09\/WhatsApp-Image-2022-09-29-at-09.20.01-1-150x150.jpeg\" class=\"attachment-thumbnail size-thumbnail\" alt=\"\" \/><\/a>\n\t\t\t<\/dt><\/dl><dl class='gallery-item'>\n\t\t\t<dt class='gallery-icon landscape'>\n\t\t\t\t<a href='https:\/\/www.sudoestehoje.com.br\/novoportal\/2022\/09\/29\/itapetinga-rodrigo-e-renan-fecham-campanha-de-acm-neto-com-grande-caminhada\/whatsapp-image-2022-09-29-at-09-20-00\/'><img loading=\"lazy\" decoding=\"async\" width=\"150\" height=\"150\" src=\"https:\/\/www.sudoestehoje.com.br\/novoportal\/wp-content\/uploads\/2022\/09\/WhatsApp-Image-2022-09-29-at-09.20.00-150x150.jpeg\" class=\"attachment-thumbnail size-thumbnail\" alt=\"\" \/><\/a>\n\t\t\t<\/dt><\/dl><br style=\"clear: both\" \/><dl class='gallery-item'>\n\t\t\t<dt class='gallery-icon landscape'>\n\t\t\t\t<a href='https:\/\/www.sudoestehoje.com.br\/novoportal\/2022\/09\/29\/itapetinga-rodrigo-e-renan-fecham-campanha-de-acm-neto-com-grande-caminhada\/whatsapp-image-2022-09-29-at-09-20-00-2\/'><img loading=\"lazy\" decoding=\"async\" width=\"150\" height=\"150\" src=\"https:\/\/www.sudoestehoje.com.br\/novoportal\/wp-content\/uploads\/2022\/09\/WhatsApp-Image-2022-09-29-at-09.20.00-2-150x150.jpeg\" class=\"attachment-thumbnail size-thumbnail\" alt=\"\" \/><\/a>\n\t\t\t<\/dt><\/dl><dl class='gallery-item'>\n\t\t\t<dt class='gallery-icon landscape'>\n\t\t\t\t<a href='https:\/\/www.sudoestehoje.com.br\/novoportal\/2022\/09\/29\/itapetinga-rodrigo-e-renan-fecham-campanha-de-acm-neto-com-grande-caminhada\/whatsapp-image-2022-09-29-at-09-20-00-1\/'><img loading=\"lazy\" decoding=\"async\" width=\"150\" height=\"150\" src=\"https:\/\/www.sudoestehoje.com.br\/novoportal\/wp-content\/uploads\/2022\/09\/WhatsApp-Image-2022-09-29-at-09.20.00-1-150x150.jpeg\" class=\"attachment-thumbnail size-thumbnail\" alt=\"\" \/><\/a>\n\t\t\t<\/dt><\/dl><dl class='gallery-item'>\n\t\t\t<dt class='gallery-icon landscape'>\n\t\t\t\t<a href='https:\/\/www.sudoestehoje.com.br\/novoportal\/2022\/09\/29\/itapetinga-rodrigo-e-renan-fecham-campanha-de-acm-neto-com-grande-caminhada\/whatsapp-image-2022-09-29-at-09-19-59\/'><img loading=\"lazy\" decoding=\"async\" width=\"150\" height=\"150\" src=\"https:\/\/www.sudoestehoje.com.br\/novoportal\/wp-content\/uploads\/2022\/09\/WhatsApp-Image-2022-09-29-at-09.19.59-150x150.jpeg\" class=\"attachment-thumbnail size-thumbnail\" alt=\"\" \/><\/a>\n\t\t\t<\/dt><\/dl><br style=\"clear: both\" \/><dl class='gallery-item'>\n\t\t\t<dt class='gallery-icon landscape'>\n\t\t\t\t<a href='https:\/\/www.sudoestehoje.com.br\/novoportal\/2022\/09\/29\/itapetinga-rodrigo-e-renan-fecham-campanha-de-acm-neto-com-grande-caminhada\/whatsapp-image-2022-09-29-at-09-19-59-1\/'><img loading=\"lazy\" decoding=\"async\" width=\"150\" height=\"150\" src=\"https:\/\/www.sudoestehoje.com.br\/novoportal\/wp-content\/uploads\/2022\/09\/WhatsApp-Image-2022-09-29-at-09.19.59-1-150x150.jpeg\" class=\"attachment-thumbnail size-thumbnail\" alt=\"\" \/><\/a>\n\t\t\t<\/dt><\/dl><dl class='gallery-item'>\n\t\t\t<dt class='gallery-icon landscape'>\n\t\t\t\t<a href='https:\/\/www.sudoestehoje.com.br\/novoportal\/2022\/09\/29\/itapetinga-rodrigo-e-renan-fecham-campanha-de-acm-neto-com-grande-caminhada\/whatsapp-image-2022-09-29-at-09-19-58-1\/'><img loading=\"lazy\" decoding=\"async\" width=\"150\" height=\"150\" src=\"https:\/\/www.sudoestehoje.com.br\/novoportal\/wp-content\/uploads\/2022\/09\/WhatsApp-Image-2022-09-29-at-09.19.58-1-150x150.jpeg\" class=\"attachment-thumbnail size-thumbnail\" alt=\"\" \/><\/a>\n\t\t\t<\/dt><\/dl><dl class='gallery-item'>\n\t\t\t<dt class='gallery-icon landscape'>\n\t\t\t\t<a href='https:\/\/www.sudoestehoje.com.br\/novoportal\/2022\/09\/29\/itapetinga-rodrigo-e-renan-fecham-campanha-de-acm-neto-com-grande-caminhada\/whatsapp-image-2022-09-29-at-09-19-57\/'><img loading=\"lazy\" decoding=\"async\" width=\"150\" height=\"150\" src=\"https:\/\/www.sudoestehoje.com.br\/novoportal\/wp-content\/uploads\/2022\/09\/WhatsApp-Image-2022-09-29-at-09.19.57-150x150.jpeg\" class=\"attachment-thumbnail size-thumbnail\" alt=\"\" \/><\/a>\n\t\t\t<\/dt><\/dl><br style=\"clear: both\" \/>\n\t\t<\/div>\n\n","protected":false},"excerpt":{"rendered":"<p>A campanha de ACM Neto para o governo da Bahia chegou ao seu \u00e1pice, em Itapetinga, com a realiza\u00e7\u00e3o de uma grande caminhada no populoso bairro Nova Itapetinga, na noite desta quarta-feira (28), com enorme participa\u00e7\u00e3o popular, como j\u00e1 \u00e9 tradi\u00e7\u00e3o nos atos realizados pelo prefeito Rodrigo Hagge e seu vice Renan Pereira. A grande [&hellip;]<\/p>\n","protected":false},"author":2,"featured_media":105201,"comment_status":"open","ping_status":"open","sticky":false,"template":"","format":"standard","meta":{"footnotes":"","_links_to":"","_links_to_target":""},"categories":[1],"tags":[],"class_list":["post-105195","post","type-post","status-publish","format-standard","has-post-thumbnail","hentry","category-geral"],"views":1596,"_links":{"self":[{"href":"https:\/\/www.sudoestehoje.com.br\/novoportal\/wp-json\/wp\/v2\/posts\/105195","targetHints":{"allow":["GET"]}}],"collection":[{"href":"https:\/\/www.sudoestehoje.com.br\/novoportal\/wp-json\/wp\/v2\/posts"}],"about":[{"href":"https:\/\/www.sudoestehoje.com.br\/novoportal\/wp-json\/wp\/v2\/types\/post"}],"author":[{"embeddable":true,"href":"https:\/\/www.sudoestehoje.com.br\/novoportal\/wp-json\/wp\/v2\/users\/2"}],"replies":[{"embeddable":true,"href":"https:\/\/www.sudoestehoje.com.br\/novoportal\/wp-json\/wp\/v2\/comments?post=105195"}],"version-history":[{"count":5,"href":"https:\/\/www.sudoestehoje.com.br\/novoportal\/wp-json\/wp\/v2\/posts\/105195\/revisions"}],"predecessor-version":[{"id":105218,"href":"https:\/\/www.sudoestehoje.com.br\/novoportal\/wp-json\/wp\/v2\/posts\/105195\/revisions\/105218"}],"wp:featuredmedia":[{"embeddable":true,"href":"https:\/\/www.sudoestehoje.com.br\/novoportal\/wp-json\/wp\/v2\/media\/105201"}],"wp:attachment":[{"href":"https:\/\/www.sudoestehoje.com.br\/novoportal\/wp-json\/wp\/v2\/media?parent=105195"}],"wp:term":[{"taxonomy":"category","embeddable":true,"href":"https:\/\/www.sudoestehoje.com.br\/novoportal\/wp-json\/wp\/v2\/categories?post=105195"},{"taxonomy":"post_tag","embeddable":true,"href":"https:\/\/www.sudoestehoje.com.br\/novoportal\/wp-json\/wp\/v2\/tags?post=105195"}],"curies":[{"name":"wp","href":"https:\/\/api.w.org\/{rel}","templated":true}]}}