
{"id":105172,"date":"2022-09-28T10:30:31","date_gmt":"2022-09-28T13:30:31","guid":{"rendered":"https:\/\/www.sudoestehoje.com.br\/novoportal\/?p=105172"},"modified":"2022-09-28T10:30:31","modified_gmt":"2022-09-28T13:30:31","slug":"acm-neto-suspende-agenda-apos-morte-de-policial-que-atuava-como-seguranca-da-sua-campanha","status":"publish","type":"post","link":"https:\/\/www.sudoestehoje.com.br\/novoportal\/2022\/09\/28\/acm-neto-suspende-agenda-apos-morte-de-policial-que-atuava-como-seguranca-da-sua-campanha\/","title":{"rendered":"ACM NETO SUSPENDE AGENDA AP\u00d3S MORTE DE POLICIAL QUE ATUAVA COMO SEGURAN\u00c7A DA SUA CAMPANHA"},"content":{"rendered":"<p><a href=\"https:\/\/www.sudoestehoje.com.br\/novoportal\/wp-content\/uploads\/2022\/09\/acm-neto-foto-divulgacao-1000x530-1.jpg\"><img loading=\"lazy\" decoding=\"async\" class=\"aligncenter size-medium wp-image-105175\" src=\"https:\/\/www.sudoestehoje.com.br\/novoportal\/wp-content\/uploads\/2022\/09\/acm-neto-foto-divulgacao-1000x530-1-500x265.jpg\" alt=\"\" width=\"500\" height=\"265\" srcset=\"https:\/\/www.sudoestehoje.com.br\/novoportal\/wp-content\/uploads\/2022\/09\/acm-neto-foto-divulgacao-1000x530-1-500x265.jpg 500w, https:\/\/www.sudoestehoje.com.br\/novoportal\/wp-content\/uploads\/2022\/09\/acm-neto-foto-divulgacao-1000x530-1-700x371.jpg 700w, https:\/\/www.sudoestehoje.com.br\/novoportal\/wp-content\/uploads\/2022\/09\/acm-neto-foto-divulgacao-1000x530-1-768x407.jpg 768w, https:\/\/www.sudoestehoje.com.br\/novoportal\/wp-content\/uploads\/2022\/09\/acm-neto-foto-divulgacao-1000x530-1.jpg 1000w\" sizes=\"auto, (max-width: 500px) 100vw, 500px\" \/><\/a><\/p>\n<p>O candidato ao governo da Bahia, ACM Neto (Uni\u00e3o), decidiu suspender a sua agenda desta quarta-feira (28) pelo interior do Estado. O movimento acontece ap\u00f3s a morte de um policial militar que tamb\u00e9m atuava na seguran\u00e7a de sua campanha (<a href=\"https:\/\/www.bahianoticias.com.br\/noticia\/272898-policial-da-seguranca-de-acm-neto-morre-em-operacao-da-pm-em-itajuipe.html\">relembre aqui<\/a>). O ex-prefeito de Salvador usou as redes sociais para lamentar o epis\u00f3dio.<\/p>\n<p>&#8220;Estamos todos consternados com a morte do sub-tenente Alves e rezando pelo pronto restabelecimento do sargento D\u2019Almeida. Apresentamos nossa total solidariedade com os familiares, e informamos o cancelamento de nossa agenda de hoje. Nesse momento, estamos em luto pelo o ocorrido&#8221;, escreveu ACM Neto.<\/p>\n<p>Os policiais foram baleados durante opera\u00e7\u00e3o da Pol\u00edcia Militar na cidade de Itaju\u00edpe, no Litoral Sul, na noite desta ter\u00e7a-feira (27). Eles faziam parte da seguran\u00e7a da campanha de ACM Neto. De acordo com as informa\u00e7\u00f5es, os dois militares estavam hospedados em um hotel, e fariam a seguran\u00e7a do candidato ao governo da Bahia, que cumpriria agenda de campanha em Coaraci, munic\u00edpio vizinho, nesta ter\u00e7a-feira.<\/p>\n<p>Em nota, o Comando da PM afirmou que apura a morte um policial e de um bandido no sul do estado. &#8220;O Comando Geral da Pol\u00edcia Militar informa que est\u00e1 apurando a opera\u00e7\u00e3o que resultou na morte de um criminoso ligado ao tr\u00e1fico de drogas e um policial militar que se encontrava desenvolvendo a\u00e7\u00e3o particular&#8221;, diz trecho do comunicado.<\/p>\n<p>&#8220;A opera\u00e7\u00e3o foi iniciada no munic\u00edpio de Itabuna onde aconteceu um primeiro confronto e terminou na cidade de Itaju\u00edpe. A PM informou que todas as provid\u00eancias foram tomadas para que o caso seja esclarecido com m\u00e1xima brevidade para informar ao p\u00fablico com total transpar\u00eancia&#8221;, finaliza o Comando da PM em nota enviada.<\/p>\n","protected":false},"excerpt":{"rendered":"<p>O candidato ao governo da Bahia, ACM Neto (Uni\u00e3o), decidiu suspender a sua agenda desta quarta-feira (28) pelo interior do Estado. O movimento acontece ap\u00f3s a morte de um policial militar que tamb\u00e9m atuava na seguran\u00e7a de sua campanha (relembre aqui). O ex-prefeito de Salvador usou as redes sociais para lamentar o epis\u00f3dio. &#8220;Estamos todos [&hellip;]<\/p>\n","protected":false},"author":2,"featured_media":105175,"comment_status":"open","ping_status":"open","sticky":false,"template":"","format":"standard","meta":{"footnotes":"","_links_to":"","_links_to_target":""},"categories":[1],"tags":[],"class_list":["post-105172","post","type-post","status-publish","format-standard","has-post-thumbnail","hentry","category-geral"],"views":945,"_links":{"self":[{"href":"https:\/\/www.sudoestehoje.com.br\/novoportal\/wp-json\/wp\/v2\/posts\/105172","targetHints":{"allow":["GET"]}}],"collection":[{"href":"https:\/\/www.sudoestehoje.com.br\/novoportal\/wp-json\/wp\/v2\/posts"}],"about":[{"href":"https:\/\/www.sudoestehoje.com.br\/novoportal\/wp-json\/wp\/v2\/types\/post"}],"author":[{"embeddable":true,"href":"https:\/\/www.sudoestehoje.com.br\/novoportal\/wp-json\/wp\/v2\/users\/2"}],"replies":[{"embeddable":true,"href":"https:\/\/www.sudoestehoje.com.br\/novoportal\/wp-json\/wp\/v2\/comments?post=105172"}],"version-history":[{"count":2,"href":"https:\/\/www.sudoestehoje.com.br\/novoportal\/wp-json\/wp\/v2\/posts\/105172\/revisions"}],"predecessor-version":[{"id":105176,"href":"https:\/\/www.sudoestehoje.com.br\/novoportal\/wp-json\/wp\/v2\/posts\/105172\/revisions\/105176"}],"wp:featuredmedia":[{"embeddable":true,"href":"https:\/\/www.sudoestehoje.com.br\/novoportal\/wp-json\/wp\/v2\/media\/105175"}],"wp:attachment":[{"href":"https:\/\/www.sudoestehoje.com.br\/novoportal\/wp-json\/wp\/v2\/media?parent=105172"}],"wp:term":[{"taxonomy":"category","embeddable":true,"href":"https:\/\/www.sudoestehoje.com.br\/novoportal\/wp-json\/wp\/v2\/categories?post=105172"},{"taxonomy":"post_tag","embeddable":true,"href":"https:\/\/www.sudoestehoje.com.br\/novoportal\/wp-json\/wp\/v2\/tags?post=105172"}],"curies":[{"name":"wp","href":"https:\/\/api.w.org\/{rel}","templated":true}]}}