
{"id":105169,"date":"2022-09-28T11:18:36","date_gmt":"2022-09-28T14:18:36","guid":{"rendered":"https:\/\/www.sudoestehoje.com.br\/novoportal\/?p=105169"},"modified":"2022-09-28T11:18:36","modified_gmt":"2022-09-28T14:18:36","slug":"itapetinga-rodrigo-confirma-caminhada-pro-acm-neto-nesta-quarta-feira","status":"publish","type":"post","link":"https:\/\/www.sudoestehoje.com.br\/novoportal\/2022\/09\/28\/itapetinga-rodrigo-confirma-caminhada-pro-acm-neto-nesta-quarta-feira\/","title":{"rendered":"ITAPETINGA | RODRIGO CONFIRMA CAMINHADA PR\u00d3 ACM NETO NESTA QUARTA-FEIRA"},"content":{"rendered":"<p><a href=\"https:\/\/www.sudoestehoje.com.br\/novoportal\/wp-content\/uploads\/2022\/09\/WhatsApp-Image-2022-05-21-at-21.17.45-1.jpeg\"><img loading=\"lazy\" decoding=\"async\" class=\"aligncenter size-medium wp-image-105189\" src=\"https:\/\/www.sudoestehoje.com.br\/novoportal\/wp-content\/uploads\/2022\/09\/WhatsApp-Image-2022-05-21-at-21.17.45-1-500x398.jpeg\" alt=\"\" width=\"500\" height=\"398\" srcset=\"https:\/\/www.sudoestehoje.com.br\/novoportal\/wp-content\/uploads\/2022\/09\/WhatsApp-Image-2022-05-21-at-21.17.45-1-500x398.jpeg 500w, https:\/\/www.sudoestehoje.com.br\/novoportal\/wp-content\/uploads\/2022\/09\/WhatsApp-Image-2022-05-21-at-21.17.45-1-700x557.jpeg 700w, https:\/\/www.sudoestehoje.com.br\/novoportal\/wp-content\/uploads\/2022\/09\/WhatsApp-Image-2022-05-21-at-21.17.45-1-768x611.jpeg 768w, https:\/\/www.sudoestehoje.com.br\/novoportal\/wp-content\/uploads\/2022\/09\/WhatsApp-Image-2022-05-21-at-21.17.45-1.jpeg 1073w\" sizes=\"auto, (max-width: 500px) 100vw, 500px\" \/><\/a><\/p>\n<p>Em entrevista exclusiva ao <strong><em>Sudoeste Hoje<\/em><\/strong>, o prefeito Rodrigo Hagge informou que apesar do cancelamento da agenda de ACM Neto nesta quarta (28), o &#8220;AU\u00ca DO SARU\u00ca&#8221; ser\u00e1 realizado com a participa\u00e7\u00e3o dos candidatos a deputado federal e estadual do grupo, com destaque para o deputado Pedro Tavares, que conta com o apoio total do grupo pol\u00edtico do prefeito.<\/p>\n<p>Rodrigo Hagge lamentou o ataque que levou \u00e0 morte do policial que fazia a seguran\u00e7a de ACM Neto na campanha eleitoral, em Itaju\u00edpe, fato que levou ao cancelamento da agenda do candidato ao governo, que tinha presen\u00e7a confirmada em Itapetinga, antes do ocorrido.<\/p>\n<p>A concentra\u00e7\u00e3o para a grande caminhada ser\u00e1 em frente \u00e0s Casas Populares, a partir da 16h, saindo em dire\u00e7\u00e3o \u00e0 Avenida Gerson de Oliveira, onde tamb\u00e9m ser\u00e1 realizado um grande com\u00edcio, com participa\u00e7\u00e3o de lideran\u00e7as pol\u00edticas locais e regionais.<\/p>\n<p><strong><em>Por Davi Ferraz<\/em><\/strong><\/p>\n","protected":false},"excerpt":{"rendered":"<p>Em entrevista exclusiva ao Sudoeste Hoje, o prefeito Rodrigo Hagge informou que apesar do cancelamento da agenda de ACM Neto nesta quarta (28), o &#8220;AU\u00ca DO SARU\u00ca&#8221; ser\u00e1 realizado com a participa\u00e7\u00e3o dos candidatos a deputado federal e estadual do grupo, com destaque para o deputado Pedro Tavares, que conta com o apoio total do [&hellip;]<\/p>\n","protected":false},"author":2,"featured_media":105189,"comment_status":"open","ping_status":"open","sticky":false,"template":"","format":"standard","meta":{"footnotes":"","_links_to":"","_links_to_target":""},"categories":[1],"tags":[],"class_list":["post-105169","post","type-post","status-publish","format-standard","has-post-thumbnail","hentry","category-geral"],"views":1804,"_links":{"self":[{"href":"https:\/\/www.sudoestehoje.com.br\/novoportal\/wp-json\/wp\/v2\/posts\/105169","targetHints":{"allow":["GET"]}}],"collection":[{"href":"https:\/\/www.sudoestehoje.com.br\/novoportal\/wp-json\/wp\/v2\/posts"}],"about":[{"href":"https:\/\/www.sudoestehoje.com.br\/novoportal\/wp-json\/wp\/v2\/types\/post"}],"author":[{"embeddable":true,"href":"https:\/\/www.sudoestehoje.com.br\/novoportal\/wp-json\/wp\/v2\/users\/2"}],"replies":[{"embeddable":true,"href":"https:\/\/www.sudoestehoje.com.br\/novoportal\/wp-json\/wp\/v2\/comments?post=105169"}],"version-history":[{"count":6,"href":"https:\/\/www.sudoestehoje.com.br\/novoportal\/wp-json\/wp\/v2\/posts\/105169\/revisions"}],"predecessor-version":[{"id":105193,"href":"https:\/\/www.sudoestehoje.com.br\/novoportal\/wp-json\/wp\/v2\/posts\/105169\/revisions\/105193"}],"wp:featuredmedia":[{"embeddable":true,"href":"https:\/\/www.sudoestehoje.com.br\/novoportal\/wp-json\/wp\/v2\/media\/105189"}],"wp:attachment":[{"href":"https:\/\/www.sudoestehoje.com.br\/novoportal\/wp-json\/wp\/v2\/media?parent=105169"}],"wp:term":[{"taxonomy":"category","embeddable":true,"href":"https:\/\/www.sudoestehoje.com.br\/novoportal\/wp-json\/wp\/v2\/categories?post=105169"},{"taxonomy":"post_tag","embeddable":true,"href":"https:\/\/www.sudoestehoje.com.br\/novoportal\/wp-json\/wp\/v2\/tags?post=105169"}],"curies":[{"name":"wp","href":"https:\/\/api.w.org\/{rel}","templated":true}]}}