
{"id":105131,"date":"2022-09-25T18:45:55","date_gmt":"2022-09-25T21:45:55","guid":{"rendered":"https:\/\/www.sudoestehoje.com.br\/novoportal\/?p=105131"},"modified":"2022-09-25T19:18:54","modified_gmt":"2022-09-25T22:18:54","slug":"parana-pesquisas-confirma-expectativa-de-vitoria-de-acm-neto-no-1oturno","status":"publish","type":"post","link":"https:\/\/www.sudoestehoje.com.br\/novoportal\/2022\/09\/25\/parana-pesquisas-confirma-expectativa-de-vitoria-de-acm-neto-no-1oturno\/","title":{"rendered":"PARAN\u00c1 PESQUISAS CONFIRMA EXPECTATIVA DE VIT\u00d3RIA DE ACM NETO NO 1\u00baTURNO"},"content":{"rendered":"<p><a href=\"https:\/\/www.sudoestehoje.com.br\/novoportal\/wp-content\/uploads\/2022\/09\/WhatsApp-Image-2022-05-21-at-21.17.45.jpeg\"><img loading=\"lazy\" decoding=\"async\" class=\"aligncenter size-medium wp-image-105134\" src=\"https:\/\/www.sudoestehoje.com.br\/novoportal\/wp-content\/uploads\/2022\/09\/WhatsApp-Image-2022-05-21-at-21.17.45-500x398.jpeg\" alt=\"\" width=\"500\" height=\"398\" srcset=\"https:\/\/www.sudoestehoje.com.br\/novoportal\/wp-content\/uploads\/2022\/09\/WhatsApp-Image-2022-05-21-at-21.17.45-500x398.jpeg 500w, https:\/\/www.sudoestehoje.com.br\/novoportal\/wp-content\/uploads\/2022\/09\/WhatsApp-Image-2022-05-21-at-21.17.45-700x557.jpeg 700w, https:\/\/www.sudoestehoje.com.br\/novoportal\/wp-content\/uploads\/2022\/09\/WhatsApp-Image-2022-05-21-at-21.17.45-768x611.jpeg 768w, https:\/\/www.sudoestehoje.com.br\/novoportal\/wp-content\/uploads\/2022\/09\/WhatsApp-Image-2022-05-21-at-21.17.45.jpeg 1073w\" sizes=\"auto, (max-width: 500px) 100vw, 500px\" \/><\/a><\/p>\n<p>Novo levantamento do instuto Paran\u00e1 Pesquisas confirma a expectativa de vit\u00f3ria em primeiro turno do candidato a governador ACM Neto (Uni\u00e3o Brasil) nas elei\u00e7\u00f5es do pr\u00f3ximo domingo (2). A sete dias do pleito, a consulta eleitoral aponta que o ex-prefeito de Salvador chega a 53% dos votos v\u00e1lidos.<\/p>\n<p>Na segunda posi\u00e7\u00e3o est\u00e1 o candidato Jer\u00f4nimo Rodrigues (PT), com 34% dos votos v\u00e1lidos. A dist\u00e2ncia de ACM Neto para o ex-secret\u00e1rio da Educa\u00e7\u00e3o do estado \u00e9 de 19 pontos percentuais, considerando os votos v\u00e1lidos, diferen\u00e7a similar \u00e0 apontada em outras pesquisas recentes, como no Datafolha, que foi de 20 pontos, e no Ipec, de 17 pontos.<\/p>\n<p>Na terceira coloca\u00e7\u00e3o no levantamento da Paran\u00e1 Pesquisas est\u00e1 Jo\u00e3o Roma (PL), com 11% dos votos v\u00e1lidos. Somados, os demais candidatos ao governo do estado somam 2% das inten\u00e7\u00f5es de votos v\u00e1lidos.<\/p>\n<p>A pesquisa ouviu 1540 pessoas em 68 munic\u00edpios da Bahia entre os dias 19 e 23 de setembro. A margem de erro \u00e9 de 2,5% e o intervalo de confian\u00e7a \u00e9 de 95%. O levantamento foi registrado no Tribunal Superior Eleitoral sob n\u00famero 05363\/2022.<\/p>\n","protected":false},"excerpt":{"rendered":"<p>Novo levantamento do instuto Paran\u00e1 Pesquisas confirma a expectativa de vit\u00f3ria em primeiro turno do candidato a governador ACM Neto (Uni\u00e3o Brasil) nas elei\u00e7\u00f5es do pr\u00f3ximo domingo (2). A sete dias do pleito, a consulta eleitoral aponta que o ex-prefeito de Salvador chega a 53% dos votos v\u00e1lidos. Na segunda posi\u00e7\u00e3o est\u00e1 o candidato Jer\u00f4nimo [&hellip;]<\/p>\n","protected":false},"author":2,"featured_media":105134,"comment_status":"open","ping_status":"open","sticky":false,"template":"","format":"standard","meta":{"footnotes":"","_links_to":"","_links_to_target":""},"categories":[1],"tags":[],"class_list":["post-105131","post","type-post","status-publish","format-standard","has-post-thumbnail","hentry","category-geral"],"views":855,"_links":{"self":[{"href":"https:\/\/www.sudoestehoje.com.br\/novoportal\/wp-json\/wp\/v2\/posts\/105131","targetHints":{"allow":["GET"]}}],"collection":[{"href":"https:\/\/www.sudoestehoje.com.br\/novoportal\/wp-json\/wp\/v2\/posts"}],"about":[{"href":"https:\/\/www.sudoestehoje.com.br\/novoportal\/wp-json\/wp\/v2\/types\/post"}],"author":[{"embeddable":true,"href":"https:\/\/www.sudoestehoje.com.br\/novoportal\/wp-json\/wp\/v2\/users\/2"}],"replies":[{"embeddable":true,"href":"https:\/\/www.sudoestehoje.com.br\/novoportal\/wp-json\/wp\/v2\/comments?post=105131"}],"version-history":[{"count":2,"href":"https:\/\/www.sudoestehoje.com.br\/novoportal\/wp-json\/wp\/v2\/posts\/105131\/revisions"}],"predecessor-version":[{"id":105135,"href":"https:\/\/www.sudoestehoje.com.br\/novoportal\/wp-json\/wp\/v2\/posts\/105131\/revisions\/105135"}],"wp:featuredmedia":[{"embeddable":true,"href":"https:\/\/www.sudoestehoje.com.br\/novoportal\/wp-json\/wp\/v2\/media\/105134"}],"wp:attachment":[{"href":"https:\/\/www.sudoestehoje.com.br\/novoportal\/wp-json\/wp\/v2\/media?parent=105131"}],"wp:term":[{"taxonomy":"category","embeddable":true,"href":"https:\/\/www.sudoestehoje.com.br\/novoportal\/wp-json\/wp\/v2\/categories?post=105131"},{"taxonomy":"post_tag","embeddable":true,"href":"https:\/\/www.sudoestehoje.com.br\/novoportal\/wp-json\/wp\/v2\/tags?post=105131"}],"curies":[{"name":"wp","href":"https:\/\/api.w.org\/{rel}","templated":true}]}}