
{"id":105126,"date":"2022-09-25T11:33:42","date_gmt":"2022-09-25T14:33:42","guid":{"rendered":"https:\/\/www.sudoestehoje.com.br\/novoportal\/?p=105126"},"modified":"2022-09-25T11:33:42","modified_gmt":"2022-09-25T14:33:42","slug":"governo-do-estado-divulga-lista-dos-professores-que-irao-receber-precatorios-do-fundeb-ate-final-de-setembro","status":"publish","type":"post","link":"https:\/\/www.sudoestehoje.com.br\/novoportal\/2022\/09\/25\/governo-do-estado-divulga-lista-dos-professores-que-irao-receber-precatorios-do-fundeb-ate-final-de-setembro\/","title":{"rendered":"GOVERNO DO ESTADO DIVULGA LISTA DOS PROFESSORES QUE IR\u00c3O RECEBER PRECAT\u00d3RIOS DO FUNDEB AT\u00c9 FINAL DE SETEMBRO"},"content":{"rendered":"<p><a href=\"https:\/\/www.sudoestehoje.com.br\/novoportal\/wp-content\/uploads\/2022\/09\/6bdc43aefc180546004374f0125c368d.jpeg\"><img loading=\"lazy\" decoding=\"async\" class=\"aligncenter size-medium wp-image-105128\" src=\"https:\/\/www.sudoestehoje.com.br\/novoportal\/wp-content\/uploads\/2022\/09\/6bdc43aefc180546004374f0125c368d-500x298.jpeg\" alt=\"\" width=\"500\" height=\"298\" srcset=\"https:\/\/www.sudoestehoje.com.br\/novoportal\/wp-content\/uploads\/2022\/09\/6bdc43aefc180546004374f0125c368d-500x298.jpeg 500w, https:\/\/www.sudoestehoje.com.br\/novoportal\/wp-content\/uploads\/2022\/09\/6bdc43aefc180546004374f0125c368d.jpeg 512w\" sizes=\"auto, (max-width: 500px) 100vw, 500px\" \/><\/a><\/p>\n<p>O Governo da Bahia publicou neste domingo (25), em edi\u00e7\u00e3o especial do Di\u00e1rio Oficial do Estado (DOE), uma lista com os nomes dos professores aptos a receberem o pagamento do precat\u00f3rio judicial do Fundo de Desenvolvimento da Educa\u00e7\u00e3o Fundamental (Fundef).<\/p>\n<p>Conforme o documento, em at\u00e9 seis dias \u00fateis, profissionais do magist\u00e9rio v\u00e3o receber 90% do valor total a que t\u00eam direito. Os valores correspondentes aos 10% restantes ser\u00e3o pagos em at\u00e9 90 dias. A lista traz a rela\u00e7\u00e3o dos servidores ativos e inativos que j\u00e1 integram a folha de pagamento do Estado, e a rela\u00e7\u00e3o dos que est\u00e3o habilitados a receber os valores do precat\u00f3rio, mas que n\u00e3o integram a folha.<\/p>\n<p><span style=\"color: #0000ff;\"><a style=\"color: #0000ff;\" href=\"https:\/\/imagens.acordacidade.com.br\/wp-content\/uploads\/2022\/09\/25095922\/Acorda-Cidade-Lista-de-beneficiarios-Precatorios.pdf\" target=\"_blank\" rel=\"noopener\"><strong>\u00a0VEJA LISTA OFICIAL AQUI<\/strong><\/a><\/span><\/p>\n","protected":false},"excerpt":{"rendered":"<p>O Governo da Bahia publicou neste domingo (25), em edi\u00e7\u00e3o especial do Di\u00e1rio Oficial do Estado (DOE), uma lista com os nomes dos professores aptos a receberem o pagamento do precat\u00f3rio judicial do Fundo de Desenvolvimento da Educa\u00e7\u00e3o Fundamental (Fundef). Conforme o documento, em at\u00e9 seis dias \u00fateis, profissionais do magist\u00e9rio v\u00e3o receber 90% do [&hellip;]<\/p>\n","protected":false},"author":2,"featured_media":105128,"comment_status":"open","ping_status":"open","sticky":false,"template":"","format":"standard","meta":{"footnotes":"","_links_to":"","_links_to_target":""},"categories":[1],"tags":[],"class_list":["post-105126","post","type-post","status-publish","format-standard","has-post-thumbnail","hentry","category-geral"],"views":1311,"_links":{"self":[{"href":"https:\/\/www.sudoestehoje.com.br\/novoportal\/wp-json\/wp\/v2\/posts\/105126","targetHints":{"allow":["GET"]}}],"collection":[{"href":"https:\/\/www.sudoestehoje.com.br\/novoportal\/wp-json\/wp\/v2\/posts"}],"about":[{"href":"https:\/\/www.sudoestehoje.com.br\/novoportal\/wp-json\/wp\/v2\/types\/post"}],"author":[{"embeddable":true,"href":"https:\/\/www.sudoestehoje.com.br\/novoportal\/wp-json\/wp\/v2\/users\/2"}],"replies":[{"embeddable":true,"href":"https:\/\/www.sudoestehoje.com.br\/novoportal\/wp-json\/wp\/v2\/comments?post=105126"}],"version-history":[{"count":3,"href":"https:\/\/www.sudoestehoje.com.br\/novoportal\/wp-json\/wp\/v2\/posts\/105126\/revisions"}],"predecessor-version":[{"id":105130,"href":"https:\/\/www.sudoestehoje.com.br\/novoportal\/wp-json\/wp\/v2\/posts\/105126\/revisions\/105130"}],"wp:featuredmedia":[{"embeddable":true,"href":"https:\/\/www.sudoestehoje.com.br\/novoportal\/wp-json\/wp\/v2\/media\/105128"}],"wp:attachment":[{"href":"https:\/\/www.sudoestehoje.com.br\/novoportal\/wp-json\/wp\/v2\/media?parent=105126"}],"wp:term":[{"taxonomy":"category","embeddable":true,"href":"https:\/\/www.sudoestehoje.com.br\/novoportal\/wp-json\/wp\/v2\/categories?post=105126"},{"taxonomy":"post_tag","embeddable":true,"href":"https:\/\/www.sudoestehoje.com.br\/novoportal\/wp-json\/wp\/v2\/tags?post=105126"}],"curies":[{"name":"wp","href":"https:\/\/api.w.org\/{rel}","templated":true}]}}