
{"id":105061,"date":"2022-09-21T10:53:59","date_gmt":"2022-09-21T13:53:59","guid":{"rendered":"https:\/\/www.sudoestehoje.com.br\/novoportal\/?p=105061"},"modified":"2022-09-21T10:53:59","modified_gmt":"2022-09-21T13:53:59","slug":"caminhada-com-acm-neto-e-rodrigo-vai-sair-da-nova-itapetinga-no-dia-28","status":"publish","type":"post","link":"https:\/\/www.sudoestehoje.com.br\/novoportal\/2022\/09\/21\/caminhada-com-acm-neto-e-rodrigo-vai-sair-da-nova-itapetinga-no-dia-28\/","title":{"rendered":"CAMINHADA COM ACM NETO E RODRIGO VAI SAIR DA NOVA ITAPETINGA NO DIA 28"},"content":{"rendered":"<p><a href=\"https:\/\/www.sudoestehoje.com.br\/novoportal\/wp-content\/uploads\/2022\/09\/com-1.jpg\"><img loading=\"lazy\" decoding=\"async\" class=\"aligncenter size-medium wp-image-105066\" src=\"https:\/\/www.sudoestehoje.com.br\/novoportal\/wp-content\/uploads\/2022\/09\/com-1-500x500.jpg\" alt=\"\" width=\"500\" height=\"500\" srcset=\"https:\/\/www.sudoestehoje.com.br\/novoportal\/wp-content\/uploads\/2022\/09\/com-1-500x500.jpg 500w, https:\/\/www.sudoestehoje.com.br\/novoportal\/wp-content\/uploads\/2022\/09\/com-1-700x700.jpg 700w, https:\/\/www.sudoestehoje.com.br\/novoportal\/wp-content\/uploads\/2022\/09\/com-1-150x150.jpg 150w, https:\/\/www.sudoestehoje.com.br\/novoportal\/wp-content\/uploads\/2022\/09\/com-1-768x768.jpg 768w, https:\/\/www.sudoestehoje.com.br\/novoportal\/wp-content\/uploads\/2022\/09\/com-1.jpg 960w\" sizes=\"auto, (max-width: 500px) 100vw, 500px\" \/><\/a><\/p>\n<p>Na reta final da sua campanha para o governo da Bahia, o candidato ACM Neto escolheu a cidade de Itapetinga para finalizar as suas atividades no interior do estado, no dia 28 de setembro, com a presen\u00e7a de toda a chapa majorit\u00e1ria e deputados que disputam as elei\u00e7\u00f5es de 2 de outubro pela regi\u00e3o.<\/p>\n<p>Na visita \u00e0 <em>Capital da Pecu\u00e1ria Baiana<\/em>, ACM Neto e sua comitiva participar\u00e3o de uma grande caminhada, saindo das Casas Populares, na Nova Itapetinga, at\u00e9 o final da Av. Gerson de Oliveira, no mesmo bairro, a partir das 18h da pr\u00f3xima quarta-feira (28).<\/p>\n<p>Outros munic\u00edpios da regi\u00e3o tamb\u00e9m dever\u00e3o ser visitados pela comitiva de ACM Neto, durante sua estadia em Itapetinga.<\/p>\n<p><strong><em>Por Davi Ferraz\u00a0<\/em> <\/strong><\/p>\n","protected":false},"excerpt":{"rendered":"<p>Na reta final da sua campanha para o governo da Bahia, o candidato ACM Neto escolheu a cidade de Itapetinga para finalizar as suas atividades no interior do estado, no dia 28 de setembro, com a presen\u00e7a de toda a chapa majorit\u00e1ria e deputados que disputam as elei\u00e7\u00f5es de 2 de outubro pela regi\u00e3o. Na [&hellip;]<\/p>\n","protected":false},"author":2,"featured_media":105066,"comment_status":"open","ping_status":"open","sticky":false,"template":"","format":"standard","meta":{"footnotes":"","_links_to":"","_links_to_target":""},"categories":[1],"tags":[],"class_list":["post-105061","post","type-post","status-publish","format-standard","has-post-thumbnail","hentry","category-geral"],"views":1269,"_links":{"self":[{"href":"https:\/\/www.sudoestehoje.com.br\/novoportal\/wp-json\/wp\/v2\/posts\/105061","targetHints":{"allow":["GET"]}}],"collection":[{"href":"https:\/\/www.sudoestehoje.com.br\/novoportal\/wp-json\/wp\/v2\/posts"}],"about":[{"href":"https:\/\/www.sudoestehoje.com.br\/novoportal\/wp-json\/wp\/v2\/types\/post"}],"author":[{"embeddable":true,"href":"https:\/\/www.sudoestehoje.com.br\/novoportal\/wp-json\/wp\/v2\/users\/2"}],"replies":[{"embeddable":true,"href":"https:\/\/www.sudoestehoje.com.br\/novoportal\/wp-json\/wp\/v2\/comments?post=105061"}],"version-history":[{"count":5,"href":"https:\/\/www.sudoestehoje.com.br\/novoportal\/wp-json\/wp\/v2\/posts\/105061\/revisions"}],"predecessor-version":[{"id":105068,"href":"https:\/\/www.sudoestehoje.com.br\/novoportal\/wp-json\/wp\/v2\/posts\/105061\/revisions\/105068"}],"wp:featuredmedia":[{"embeddable":true,"href":"https:\/\/www.sudoestehoje.com.br\/novoportal\/wp-json\/wp\/v2\/media\/105066"}],"wp:attachment":[{"href":"https:\/\/www.sudoestehoje.com.br\/novoportal\/wp-json\/wp\/v2\/media?parent=105061"}],"wp:term":[{"taxonomy":"category","embeddable":true,"href":"https:\/\/www.sudoestehoje.com.br\/novoportal\/wp-json\/wp\/v2\/categories?post=105061"},{"taxonomy":"post_tag","embeddable":true,"href":"https:\/\/www.sudoestehoje.com.br\/novoportal\/wp-json\/wp\/v2\/tags?post=105061"}],"curies":[{"name":"wp","href":"https:\/\/api.w.org\/{rel}","templated":true}]}}