
{"id":104997,"date":"2022-09-19T11:41:21","date_gmt":"2022-09-19T14:41:21","guid":{"rendered":"https:\/\/www.sudoestehoje.com.br\/novoportal\/?p=104997"},"modified":"2022-09-19T11:45:59","modified_gmt":"2022-09-19T14:45:59","slug":"exclusivo-campanha-de-acm-neto-no-interior-pode-ser-encerrada-em-itapetinga-com-grande-caminhada-e-comicio","status":"publish","type":"post","link":"https:\/\/www.sudoestehoje.com.br\/novoportal\/2022\/09\/19\/exclusivo-campanha-de-acm-neto-no-interior-pode-ser-encerrada-em-itapetinga-com-grande-caminhada-e-comicio\/","title":{"rendered":"EXCLUSIVO | CAMPANHA DE ACM NETO NO INTERIOR PODE SER ENCERRADA EM ITAPETINGA COM GRANDE CAMINHADA E COMICIO"},"content":{"rendered":"<p><a href=\"https:\/\/www.sudoestehoje.com.br\/novoportal\/wp-content\/uploads\/2022\/09\/csm_acm_neto_a2f888f35c.jpeg\"><img loading=\"lazy\" decoding=\"async\" class=\"aligncenter size-medium wp-image-105001\" src=\"https:\/\/www.sudoestehoje.com.br\/novoportal\/wp-content\/uploads\/2022\/09\/csm_acm_neto_a2f888f35c-500x408.jpeg\" alt=\"\" width=\"500\" height=\"408\" srcset=\"https:\/\/www.sudoestehoje.com.br\/novoportal\/wp-content\/uploads\/2022\/09\/csm_acm_neto_a2f888f35c-500x408.jpeg 500w, https:\/\/www.sudoestehoje.com.br\/novoportal\/wp-content\/uploads\/2022\/09\/csm_acm_neto_a2f888f35c-700x572.jpeg 700w, https:\/\/www.sudoestehoje.com.br\/novoportal\/wp-content\/uploads\/2022\/09\/csm_acm_neto_a2f888f35c.jpeg 730w\" sizes=\"auto, (max-width: 500px) 100vw, 500px\" \/><\/a><\/p>\n<p>Na reta final da campanha eleitoral, a equipe do candidato ao governo, ACM Neto (Uni\u00e3o), j\u00e1 elabora a agenda de encerramento das atividades eleitorais no interior do estado, podendo trazer uma novidade de grande impacto para Itapetinga e regi\u00e3o.<\/p>\n<p>De acordo com informa\u00e7\u00f5es colhidas com exclusividade pelo <strong><em>Sudoeste Hoje<\/em><\/strong>, ACM Neto e sua equipe analisam a possibilidade de encerrar a campanha em Itapetinga, com a realiza\u00e7\u00e3o de uma grande caminhada e com\u00edcio, nos moldes dos movimentos realizados nas campanhas do prefeito Rodrigo Hagge (MDB), em 2016 e 2020.<\/p>\n<p><a href=\"https:\/\/www.sudoestehoje.com.br\/novoportal\/wp-content\/uploads\/2022\/09\/cam-4.jpg\"><img loading=\"lazy\" decoding=\"async\" class=\"aligncenter size-medium wp-image-105005\" src=\"https:\/\/www.sudoestehoje.com.br\/novoportal\/wp-content\/uploads\/2022\/09\/cam-4-500x281.jpg\" alt=\"\" width=\"500\" height=\"281\" srcset=\"https:\/\/www.sudoestehoje.com.br\/novoportal\/wp-content\/uploads\/2022\/09\/cam-4-500x281.jpg 500w, https:\/\/www.sudoestehoje.com.br\/novoportal\/wp-content\/uploads\/2022\/09\/cam-4-700x394.jpg 700w, https:\/\/www.sudoestehoje.com.br\/novoportal\/wp-content\/uploads\/2022\/09\/cam-4-768x432.jpg 768w, https:\/\/www.sudoestehoje.com.br\/novoportal\/wp-content\/uploads\/2022\/09\/cam-4.jpg 960w\" sizes=\"auto, (max-width: 500px) 100vw, 500px\" \/><\/a><\/p>\n<p>Caso essa agenda seja confirmada, a ideia inicial \u00e9 realizar uma grande caminhada saindo da Nova Itapetinga at\u00e9 a Lagoa, onde ocorreria uma grande concentra\u00e7\u00e3o com com\u00edcio. Outra op\u00e7\u00e3o seria uma grande caminhada saindo da Lagoa at\u00e9 a Pra\u00e7a Dairy Valley, com a realiza\u00e7\u00e3o de um com\u00edcio.<\/p>\n<p>De acordo com fontes fidedignas do blog, a vinda do candidato para uma grande caminhada em Itapetinga j\u00e1 \u00e9 certa e dever\u00e1 ocorrer no final da pr\u00f3xima semana.<\/p>\n<p>O encerramento oficial da campanha de ACM Neto no primeiro turno dever\u00e1 ocorrer na capital.<\/p>\n<p><strong><em>Por Davi Ferraz<\/em><\/strong><\/p>\n","protected":false},"excerpt":{"rendered":"<p>Na reta final da campanha eleitoral, a equipe do candidato ao governo, ACM Neto (Uni\u00e3o), j\u00e1 elabora a agenda de encerramento das atividades eleitorais no interior do estado, podendo trazer uma novidade de grande impacto para Itapetinga e regi\u00e3o. De acordo com informa\u00e7\u00f5es colhidas com exclusividade pelo Sudoeste Hoje, ACM Neto e sua equipe analisam [&hellip;]<\/p>\n","protected":false},"author":2,"featured_media":105001,"comment_status":"open","ping_status":"open","sticky":false,"template":"","format":"standard","meta":{"footnotes":"","_links_to":"","_links_to_target":""},"categories":[1],"tags":[],"class_list":["post-104997","post","type-post","status-publish","format-standard","has-post-thumbnail","hentry","category-geral"],"views":1189,"_links":{"self":[{"href":"https:\/\/www.sudoestehoje.com.br\/novoportal\/wp-json\/wp\/v2\/posts\/104997","targetHints":{"allow":["GET"]}}],"collection":[{"href":"https:\/\/www.sudoestehoje.com.br\/novoportal\/wp-json\/wp\/v2\/posts"}],"about":[{"href":"https:\/\/www.sudoestehoje.com.br\/novoportal\/wp-json\/wp\/v2\/types\/post"}],"author":[{"embeddable":true,"href":"https:\/\/www.sudoestehoje.com.br\/novoportal\/wp-json\/wp\/v2\/users\/2"}],"replies":[{"embeddable":true,"href":"https:\/\/www.sudoestehoje.com.br\/novoportal\/wp-json\/wp\/v2\/comments?post=104997"}],"version-history":[{"count":6,"href":"https:\/\/www.sudoestehoje.com.br\/novoportal\/wp-json\/wp\/v2\/posts\/104997\/revisions"}],"predecessor-version":[{"id":105007,"href":"https:\/\/www.sudoestehoje.com.br\/novoportal\/wp-json\/wp\/v2\/posts\/104997\/revisions\/105007"}],"wp:featuredmedia":[{"embeddable":true,"href":"https:\/\/www.sudoestehoje.com.br\/novoportal\/wp-json\/wp\/v2\/media\/105001"}],"wp:attachment":[{"href":"https:\/\/www.sudoestehoje.com.br\/novoportal\/wp-json\/wp\/v2\/media?parent=104997"}],"wp:term":[{"taxonomy":"category","embeddable":true,"href":"https:\/\/www.sudoestehoje.com.br\/novoportal\/wp-json\/wp\/v2\/categories?post=104997"},{"taxonomy":"post_tag","embeddable":true,"href":"https:\/\/www.sudoestehoje.com.br\/novoportal\/wp-json\/wp\/v2\/tags?post=104997"}],"curies":[{"name":"wp","href":"https:\/\/api.w.org\/{rel}","templated":true}]}}