
{"id":104889,"date":"2022-09-13T10:58:48","date_gmt":"2022-09-13T13:58:48","guid":{"rendered":"https:\/\/www.sudoestehoje.com.br\/novoportal\/?p=104889"},"modified":"2022-09-13T10:58:48","modified_gmt":"2022-09-13T13:58:48","slug":"acm-neto-aceita-debate-mas-jeronimo-recua-e-desiste-do-confronto-direto","status":"publish","type":"post","link":"https:\/\/www.sudoestehoje.com.br\/novoportal\/2022\/09\/13\/acm-neto-aceita-debate-mas-jeronimo-recua-e-desiste-do-confronto-direto\/","title":{"rendered":"ACM NETO ACEITA DEBATE, MAS JER\u00d4NIMO RECUA E DESISTE DO CONFRONTO DIRETO"},"content":{"rendered":"<p><a href=\"https:\/\/www.sudoestehoje.com.br\/novoportal\/wp-content\/uploads\/2022\/09\/128261acm-neto-aceita-desafio-de-jeronimo-e-pede-que-ele-marque-data-de-debate-3.jpg\"><img loading=\"lazy\" decoding=\"async\" class=\"aligncenter size-medium wp-image-104891\" src=\"https:\/\/www.sudoestehoje.com.br\/novoportal\/wp-content\/uploads\/2022\/09\/128261acm-neto-aceita-desafio-de-jeronimo-e-pede-que-ele-marque-data-de-debate-3-500x235.jpg\" alt=\"\" width=\"500\" height=\"235\" srcset=\"https:\/\/www.sudoestehoje.com.br\/novoportal\/wp-content\/uploads\/2022\/09\/128261acm-neto-aceita-desafio-de-jeronimo-e-pede-que-ele-marque-data-de-debate-3-500x235.jpg 500w, https:\/\/www.sudoestehoje.com.br\/novoportal\/wp-content\/uploads\/2022\/09\/128261acm-neto-aceita-desafio-de-jeronimo-e-pede-que-ele-marque-data-de-debate-3-700x329.jpg 700w, https:\/\/www.sudoestehoje.com.br\/novoportal\/wp-content\/uploads\/2022\/09\/128261acm-neto-aceita-desafio-de-jeronimo-e-pede-que-ele-marque-data-de-debate-3-768x361.jpg 768w, https:\/\/www.sudoestehoje.com.br\/novoportal\/wp-content\/uploads\/2022\/09\/128261acm-neto-aceita-desafio-de-jeronimo-e-pede-que-ele-marque-data-de-debate-3-1536x722.jpg 1536w, https:\/\/www.sudoestehoje.com.br\/novoportal\/wp-content\/uploads\/2022\/09\/128261acm-neto-aceita-desafio-de-jeronimo-e-pede-que-ele-marque-data-de-debate-3.jpg 1600w\" sizes=\"auto, (max-width: 500px) 100vw, 500px\" \/><\/a><\/p>\n<p class=\"bodytext\">Depois de desafiar publicamente o ex-prefeito ACM Neto (Uni\u00e3o Brasil) para um debate cara-a-cara, em declara\u00e7\u00f5es provocativas que flertavam com a valentia, o ex-secret\u00e1rio estadual de Educa\u00e7\u00e3o Jer\u00f4nimo Rodrigues, candidato do PT ao governo da Bahia, baixou o tom e desistiu da ideia. O recuo ocorreu ontem, logo ap\u00f3s Neto aceitar o desafio. \u201cGostaria de propor que ele defina data, local e hor\u00e1rio para um debate entre n\u00f3s. Sugiro que seja transmitido ao vivo pelo YouTube e pelas redes sociais dos dois\u201d, afirmou o ex-prefeito, em nota \u00e0 imprensa. Antes, Jer\u00f4nimo se dizia pronto a discutir pessoalmente qualquer tema com o rival, de quem cobrava \u201ccoragem\u201d para enfrent\u00e1-lo.<\/p>\n<p class=\"bodytext\"><strong>Mudan\u00e7a de pose<\/strong><br \/>\nDiante da resposta de Neto, o petista trocou a agressividade pela modera\u00e7\u00e3o. Em postagem no Twitter, Jer\u00f4nimo diz que fez a provoca\u00e7\u00e3o e seguia disposto ao confronto, mas \u201crespeitando a legisla\u00e7\u00e3o eleitoral\u201d. Para arrematar, admitiu que ambos j\u00e1 t\u00eam encontro marcado no pr\u00f3ximo dia 27, data prevista para o debate da TV Bahia.<\/p>\n<div class=\"single-publicidade\">\n<div id=\"sosevnocorreio_300x250_01\" data-google-query-id=\"CLzNl8rzkfoCFcK4lQIdl-AMeA\">\n<div id=\"google_ads_iframe_\/44585206\/c24h_sosevnocorreio_300x250_01_0__container__\"><strong>Sa\u00edda pela esquerda<\/strong><\/div>\n<\/div>\n<\/div>\n<p class=\"bodytext\">Embora tente evitar a pecha de fanfarr\u00e3o que escapou pelas cordas quando o oponente aceitou o convite para subir no ringue, Jer\u00f4nimo foi orientado pelo comando de campanha a mudar o discurso e esquecer o embate restrito entre ele e o candidato da Uni\u00e3o Brasil. Segundo apurou a Sat\u00e9lite, o recuo se deve ao desempenho e ao nervosismo do petista nos debates, entrevistas e sabatinas realizadas at\u00e9 o momento, cujas declara\u00e7\u00f5es renderam uma enxurrada de memes nas redes e aplicativos de mensagens. Internamente, a avalia\u00e7\u00e3o \u00e9 a de que, no duelo com ACM Neto, <strong>Jer\u00f4nimo perderia por nocaute<\/strong>.<\/p>\n","protected":false},"excerpt":{"rendered":"<p>Depois de desafiar publicamente o ex-prefeito ACM Neto (Uni\u00e3o Brasil) para um debate cara-a-cara, em declara\u00e7\u00f5es provocativas que flertavam com a valentia, o ex-secret\u00e1rio estadual de Educa\u00e7\u00e3o Jer\u00f4nimo Rodrigues, candidato do PT ao governo da Bahia, baixou o tom e desistiu da ideia. O recuo ocorreu ontem, logo ap\u00f3s Neto aceitar o desafio. \u201cGostaria de [&hellip;]<\/p>\n","protected":false},"author":2,"featured_media":104891,"comment_status":"open","ping_status":"open","sticky":false,"template":"","format":"standard","meta":{"footnotes":"","_links_to":"","_links_to_target":""},"categories":[1],"tags":[],"class_list":["post-104889","post","type-post","status-publish","format-standard","has-post-thumbnail","hentry","category-geral"],"views":987,"_links":{"self":[{"href":"https:\/\/www.sudoestehoje.com.br\/novoportal\/wp-json\/wp\/v2\/posts\/104889","targetHints":{"allow":["GET"]}}],"collection":[{"href":"https:\/\/www.sudoestehoje.com.br\/novoportal\/wp-json\/wp\/v2\/posts"}],"about":[{"href":"https:\/\/www.sudoestehoje.com.br\/novoportal\/wp-json\/wp\/v2\/types\/post"}],"author":[{"embeddable":true,"href":"https:\/\/www.sudoestehoje.com.br\/novoportal\/wp-json\/wp\/v2\/users\/2"}],"replies":[{"embeddable":true,"href":"https:\/\/www.sudoestehoje.com.br\/novoportal\/wp-json\/wp\/v2\/comments?post=104889"}],"version-history":[{"count":2,"href":"https:\/\/www.sudoestehoje.com.br\/novoportal\/wp-json\/wp\/v2\/posts\/104889\/revisions"}],"predecessor-version":[{"id":104893,"href":"https:\/\/www.sudoestehoje.com.br\/novoportal\/wp-json\/wp\/v2\/posts\/104889\/revisions\/104893"}],"wp:featuredmedia":[{"embeddable":true,"href":"https:\/\/www.sudoestehoje.com.br\/novoportal\/wp-json\/wp\/v2\/media\/104891"}],"wp:attachment":[{"href":"https:\/\/www.sudoestehoje.com.br\/novoportal\/wp-json\/wp\/v2\/media?parent=104889"}],"wp:term":[{"taxonomy":"category","embeddable":true,"href":"https:\/\/www.sudoestehoje.com.br\/novoportal\/wp-json\/wp\/v2\/categories?post=104889"},{"taxonomy":"post_tag","embeddable":true,"href":"https:\/\/www.sudoestehoje.com.br\/novoportal\/wp-json\/wp\/v2\/tags?post=104889"}],"curies":[{"name":"wp","href":"https:\/\/api.w.org\/{rel}","templated":true}]}}