
{"id":104799,"date":"2022-09-08T16:57:21","date_gmt":"2022-09-08T19:57:21","guid":{"rendered":"https:\/\/www.sudoestehoje.com.br\/novoportal\/?p=104799"},"modified":"2022-09-08T17:07:37","modified_gmt":"2022-09-08T20:07:37","slug":"morre-a-rainha-da-inglaterra-aos-96-anos","status":"publish","type":"post","link":"https:\/\/www.sudoestehoje.com.br\/novoportal\/2022\/09\/08\/morre-a-rainha-da-inglaterra-aos-96-anos\/","title":{"rendered":"MORRE A RAINHA DA INGLATERRA AOS 96 ANOS"},"content":{"rendered":"<p><a href=\"https:\/\/www.sudoestehoje.com.br\/novoportal\/wp-content\/uploads\/2022\/09\/30676_f240a55acf86ac3.jpg\"><img loading=\"lazy\" decoding=\"async\" class=\"aligncenter size-medium wp-image-104802\" src=\"https:\/\/www.sudoestehoje.com.br\/novoportal\/wp-content\/uploads\/2022\/09\/30676_f240a55acf86ac3-500x333.jpg\" alt=\"\" width=\"500\" height=\"333\" srcset=\"https:\/\/www.sudoestehoje.com.br\/novoportal\/wp-content\/uploads\/2022\/09\/30676_f240a55acf86ac3-500x333.jpg 500w, https:\/\/www.sudoestehoje.com.br\/novoportal\/wp-content\/uploads\/2022\/09\/30676_f240a55acf86ac3.jpg 580w\" sizes=\"auto, (max-width: 500px) 100vw, 500px\" \/><\/a><\/p>\n<p>A\u00a0<a href=\"https:\/\/www.cnnbrasil.com.br\/tudo-sobre\/rainha-elizabeth-ii\/\" target=\"_blank\" rel=\"noopener\">rainha Elizabeth II<\/a>, do\u00a0<a href=\"https:\/\/www.cnnbrasil.com.br\/tudo-sobre\/reino-unido\/\" target=\"_blank\" rel=\"noopener\">Reino Unido<\/a>, morreu nesta quinta-feira (8), aos 96 anos, no Castelo de Balmoral, na Esc\u00f3cia.<\/p>\n<p>O filho mais velho e herdeiro da monarca, o pr\u00edncipe Charles, e sua esposa Camilla est\u00e3o no castelo, ao lado da rainha.<\/p>\n<p>Os filhos da rainha \u2013 pr\u00edncipes Andrew e Edward \u2013 al\u00e9m do neto da monarca, pr\u00edncipe William, chegaram \u00e0 Esc\u00f3cia. Os pr\u00edncipes William e Harry e sua esposa Meghan Markle tamb\u00e9m viajam para o local.<\/p>\n<p>CHARLES III \u00c9 O NOVO REI<\/p>\n<p>Sucessor da\u00a0<a href=\"https:\/\/g1.globo.com\/tudo-sobre\/rainha-elizabeth-ii\/\">Rainha Elizabeth II<\/a>, que\u00a0<a href=\"https:\/\/g1.globo.com\/mundo\/noticia\/2022\/09\/08\/rainha-elizabeth-ii-morre-aos-96-anos.ghtml\">morreu aos 96 anos nesta quinta-feira (8)<\/a>, o\u00a0<a href=\"https:\/\/g1.globo.com\/tudo-sobre\/principe-charles\/\">pr\u00edncipe Charles<\/a>\u00a0fez seu primeiro pronunciamento como rei. Em nota divulgada nas redes sociais da fam\u00edlia real, ele lamentou &#8220;profundamente o falecimento de uma querida soberana e uma m\u00e3e que foi muito amada&#8221;. Segundo\u00a0<a href=\"https:\/\/g1.globo.com\/tudo-sobre\/liz-truss\/\">Liz Truss<\/a>, a primeira-ministra do\u00a0<a href=\"https:\/\/g1.globo.com\/tudo-sobre\/gra-bretanha\/\">Reino Unido<\/a>, o novo monarca vai se chamar Rei Charles III.<\/p>\n","protected":false},"excerpt":{"rendered":"<p>A\u00a0rainha Elizabeth II, do\u00a0Reino Unido, morreu nesta quinta-feira (8), aos 96 anos, no Castelo de Balmoral, na Esc\u00f3cia. O filho mais velho e herdeiro da monarca, o pr\u00edncipe Charles, e sua esposa Camilla est\u00e3o no castelo, ao lado da rainha. Os filhos da rainha \u2013 pr\u00edncipes Andrew e Edward \u2013 al\u00e9m do neto da monarca, [&hellip;]<\/p>\n","protected":false},"author":2,"featured_media":104802,"comment_status":"open","ping_status":"open","sticky":false,"template":"","format":"standard","meta":{"footnotes":"","_links_to":"","_links_to_target":""},"categories":[1],"tags":[],"class_list":["post-104799","post","type-post","status-publish","format-standard","has-post-thumbnail","hentry","category-geral"],"views":805,"_links":{"self":[{"href":"https:\/\/www.sudoestehoje.com.br\/novoportal\/wp-json\/wp\/v2\/posts\/104799","targetHints":{"allow":["GET"]}}],"collection":[{"href":"https:\/\/www.sudoestehoje.com.br\/novoportal\/wp-json\/wp\/v2\/posts"}],"about":[{"href":"https:\/\/www.sudoestehoje.com.br\/novoportal\/wp-json\/wp\/v2\/types\/post"}],"author":[{"embeddable":true,"href":"https:\/\/www.sudoestehoje.com.br\/novoportal\/wp-json\/wp\/v2\/users\/2"}],"replies":[{"embeddable":true,"href":"https:\/\/www.sudoestehoje.com.br\/novoportal\/wp-json\/wp\/v2\/comments?post=104799"}],"version-history":[{"count":3,"href":"https:\/\/www.sudoestehoje.com.br\/novoportal\/wp-json\/wp\/v2\/posts\/104799\/revisions"}],"predecessor-version":[{"id":104803,"href":"https:\/\/www.sudoestehoje.com.br\/novoportal\/wp-json\/wp\/v2\/posts\/104799\/revisions\/104803"}],"wp:featuredmedia":[{"embeddable":true,"href":"https:\/\/www.sudoestehoje.com.br\/novoportal\/wp-json\/wp\/v2\/media\/104802"}],"wp:attachment":[{"href":"https:\/\/www.sudoestehoje.com.br\/novoportal\/wp-json\/wp\/v2\/media?parent=104799"}],"wp:term":[{"taxonomy":"category","embeddable":true,"href":"https:\/\/www.sudoestehoje.com.br\/novoportal\/wp-json\/wp\/v2\/categories?post=104799"},{"taxonomy":"post_tag","embeddable":true,"href":"https:\/\/www.sudoestehoje.com.br\/novoportal\/wp-json\/wp\/v2\/tags?post=104799"}],"curies":[{"name":"wp","href":"https:\/\/api.w.org\/{rel}","templated":true}]}}