
{"id":104796,"date":"2022-09-08T11:54:40","date_gmt":"2022-09-08T14:54:40","guid":{"rendered":"https:\/\/www.sudoestehoje.com.br\/novoportal\/?p=104796"},"modified":"2022-09-08T11:54:40","modified_gmt":"2022-09-08T14:54:40","slug":"eleicoes-comite-de-pedro-tavares-sera-inaugurado-nesta-quinta-feira","status":"publish","type":"post","link":"https:\/\/www.sudoestehoje.com.br\/novoportal\/2022\/09\/08\/eleicoes-comite-de-pedro-tavares-sera-inaugurado-nesta-quinta-feira\/","title":{"rendered":"ELEI\u00c7\u00d5ES | COMIT\u00ca DE PEDRO TAVARES SER\u00c1 INAUGURADO NESTA QUINTA-FEIRA"},"content":{"rendered":"<p><a href=\"https:\/\/www.sudoestehoje.com.br\/novoportal\/wp-content\/uploads\/2022\/09\/WhatsApp-Image-2022-09-08-at-11.51.00.jpeg\"><img loading=\"lazy\" decoding=\"async\" class=\"aligncenter size-medium wp-image-104797\" src=\"https:\/\/www.sudoestehoje.com.br\/novoportal\/wp-content\/uploads\/2022\/09\/WhatsApp-Image-2022-09-08-at-11.51.00-500x282.jpeg\" alt=\"\" width=\"500\" height=\"282\" srcset=\"https:\/\/www.sudoestehoje.com.br\/novoportal\/wp-content\/uploads\/2022\/09\/WhatsApp-Image-2022-09-08-at-11.51.00-500x282.jpeg 500w, https:\/\/www.sudoestehoje.com.br\/novoportal\/wp-content\/uploads\/2022\/09\/WhatsApp-Image-2022-09-08-at-11.51.00-700x394.jpeg 700w, https:\/\/www.sudoestehoje.com.br\/novoportal\/wp-content\/uploads\/2022\/09\/WhatsApp-Image-2022-09-08-at-11.51.00-768x432.jpeg 768w, https:\/\/www.sudoestehoje.com.br\/novoportal\/wp-content\/uploads\/2022\/09\/WhatsApp-Image-2022-09-08-at-11.51.00-1536x865.jpeg 1536w, https:\/\/www.sudoestehoje.com.br\/novoportal\/wp-content\/uploads\/2022\/09\/WhatsApp-Image-2022-09-08-at-11.51.00.jpeg 1600w\" sizes=\"auto, (max-width: 500px) 100vw, 500px\" \/><\/a><\/p>\n<p>O comit\u00ea de campanha do deputado estadual Pedro Tavares (Uni\u00e3o) ser\u00e1 inaugurado nesta quinta-feira (8), no andar t\u00e9rreo do Hotel Goitacaz, no centro de Itapetinga.<\/p>\n<p>De acordo com o prefeito Rodrigo Hagge, que coordena pessoalmente a campanha para reelei\u00e7\u00e3o do deputado, o comit\u00ea vai centralizar somente as a\u00e7\u00f5es de Pedro Tavares em Itapetinga e regi\u00e3o, apesar dele manter\u00a0 alian\u00e7as com v\u00e1rios deputados federais, todos com seus comit\u00eas montados na cidade.<\/p>\n<p>Na abertura, \u00e9 esperada a presen\u00e7a de toda a milit\u00e2ncia do grupo pol\u00edtico do prefeito Rodrigo Hagge, pol\u00edticos e partidos da base, al\u00e9m de convidados.<\/p>\n<p><strong><em>Por Davi Ferraz<\/em><\/strong><\/p>\n","protected":false},"excerpt":{"rendered":"<p>O comit\u00ea de campanha do deputado estadual Pedro Tavares (Uni\u00e3o) ser\u00e1 inaugurado nesta quinta-feira (8), no andar t\u00e9rreo do Hotel Goitacaz, no centro de Itapetinga. De acordo com o prefeito Rodrigo Hagge, que coordena pessoalmente a campanha para reelei\u00e7\u00e3o do deputado, o comit\u00ea vai centralizar somente as a\u00e7\u00f5es de Pedro Tavares em Itapetinga e regi\u00e3o, [&hellip;]<\/p>\n","protected":false},"author":2,"featured_media":104797,"comment_status":"open","ping_status":"open","sticky":false,"template":"","format":"standard","meta":{"footnotes":"","_links_to":"","_links_to_target":""},"categories":[1],"tags":[],"class_list":["post-104796","post","type-post","status-publish","format-standard","has-post-thumbnail","hentry","category-geral"],"views":830,"_links":{"self":[{"href":"https:\/\/www.sudoestehoje.com.br\/novoportal\/wp-json\/wp\/v2\/posts\/104796","targetHints":{"allow":["GET"]}}],"collection":[{"href":"https:\/\/www.sudoestehoje.com.br\/novoportal\/wp-json\/wp\/v2\/posts"}],"about":[{"href":"https:\/\/www.sudoestehoje.com.br\/novoportal\/wp-json\/wp\/v2\/types\/post"}],"author":[{"embeddable":true,"href":"https:\/\/www.sudoestehoje.com.br\/novoportal\/wp-json\/wp\/v2\/users\/2"}],"replies":[{"embeddable":true,"href":"https:\/\/www.sudoestehoje.com.br\/novoportal\/wp-json\/wp\/v2\/comments?post=104796"}],"version-history":[{"count":1,"href":"https:\/\/www.sudoestehoje.com.br\/novoportal\/wp-json\/wp\/v2\/posts\/104796\/revisions"}],"predecessor-version":[{"id":104798,"href":"https:\/\/www.sudoestehoje.com.br\/novoportal\/wp-json\/wp\/v2\/posts\/104796\/revisions\/104798"}],"wp:featuredmedia":[{"embeddable":true,"href":"https:\/\/www.sudoestehoje.com.br\/novoportal\/wp-json\/wp\/v2\/media\/104797"}],"wp:attachment":[{"href":"https:\/\/www.sudoestehoje.com.br\/novoportal\/wp-json\/wp\/v2\/media?parent=104796"}],"wp:term":[{"taxonomy":"category","embeddable":true,"href":"https:\/\/www.sudoestehoje.com.br\/novoportal\/wp-json\/wp\/v2\/categories?post=104796"},{"taxonomy":"post_tag","embeddable":true,"href":"https:\/\/www.sudoestehoje.com.br\/novoportal\/wp-json\/wp\/v2\/tags?post=104796"}],"curies":[{"name":"wp","href":"https:\/\/api.w.org\/{rel}","templated":true}]}}