
{"id":104787,"date":"2022-09-08T11:00:10","date_gmt":"2022-09-08T14:00:10","guid":{"rendered":"https:\/\/www.sudoestehoje.com.br\/novoportal\/?p=104787"},"modified":"2022-09-08T11:09:18","modified_gmt":"2022-09-08T14:09:18","slug":"com-idade-avancada-e-debilitado-leao-da-matinha-nao-deve-resistir-por-muito-tempo","status":"publish","type":"post","link":"https:\/\/www.sudoestehoje.com.br\/novoportal\/2022\/09\/08\/com-idade-avancada-e-debilitado-leao-da-matinha-nao-deve-resistir-por-muito-tempo\/","title":{"rendered":"COM IDADE AVAN\u00c7ADA E DEBILITADO, LE\u00c3O DA MATINHA N\u00c3O DEVE RESISTIR POR MUITO TEMPO"},"content":{"rendered":"<p><a href=\"https:\/\/www.sudoestehoje.com.br\/novoportal\/wp-content\/uploads\/2022\/09\/hulk.jpg\"><img loading=\"lazy\" decoding=\"async\" class=\"aligncenter wp-image-104791\" src=\"https:\/\/www.sudoestehoje.com.br\/novoportal\/wp-content\/uploads\/2022\/09\/hulk.jpg\" alt=\"\" width=\"502\" height=\"301\" \/><\/a><\/p>\n<p>Aos 25 anos de idade, aproximadamente, o<strong> le\u00e3o Hulk do Zoo-Matinha<\/strong> em Itapetinga, come\u00e7a a dar sinais de que n\u00e3o resistir\u00e1 por muito tempo, apesar de ser bem tratado e coberto de cuidados pela equipe do parque.<\/p>\n<p>Hulk chegou \u00e0 Matinha quando tinha entre 2 a 3 anos de Idade, em 1999, segundo registros, e j\u00e1 se encontra no seu limite de idade, j\u00e1 que a <strong>expectativa de vida dos le\u00f5es em cativeiro \u00e9 de 25 anos<\/strong>, de acordo com informa\u00e7\u00f5es do secret\u00e1rio municipal do Meio Ambiente, Luciano Almeida. Na vida selvagem, os le\u00f5es vivem em m\u00e9dia 15 anos, dadas as dificuldades de sobreviv\u00eancia no meio ambiente.<\/p>\n<p>Segundo Luciano, o le\u00e3o Hulk n\u00e3o \u00e9 portador de nenhuma doen\u00e7a, mas est\u00e1 cada dia mais debilitado, em raz\u00e3o da sua idade j\u00e1 avan\u00e7ada.<\/p>\n<p>Hulk, assim como os demais animais da Matinha, \u00e9 cercado de cuidados especiais por zootecnista, m\u00e9dico veterin\u00e1rio, nutricionista, bi\u00f3logo e outros profissionais da \u00e1rea, que comp\u00f5em a equipe t\u00e9cnica do Zoo, recebendo alimenta\u00e7\u00e3o sald\u00e1vel e medicamentos, quando necess\u00e1rio.<\/p>\n<p>Hulk, por anos, tem sido a principal atra\u00e7\u00e3o do Parque da Matinha, que conta com uma grande diversidade de animais selvagens.<\/p>\n<p><strong><em>Por Davi Ferraz\u00a0<\/em><\/strong><\/p>\n","protected":false},"excerpt":{"rendered":"<p>Aos 25 anos de idade, aproximadamente, o le\u00e3o Hulk do Zoo-Matinha em Itapetinga, come\u00e7a a dar sinais de que n\u00e3o resistir\u00e1 por muito tempo, apesar de ser bem tratado e coberto de cuidados pela equipe do parque. Hulk chegou \u00e0 Matinha quando tinha entre 2 a 3 anos de Idade, em 1999, segundo registros, e [&hellip;]<\/p>\n","protected":false},"author":2,"featured_media":104791,"comment_status":"open","ping_status":"open","sticky":false,"template":"","format":"standard","meta":{"footnotes":"","_links_to":"","_links_to_target":""},"categories":[1],"tags":[],"class_list":["post-104787","post","type-post","status-publish","format-standard","has-post-thumbnail","hentry","category-geral"],"views":1195,"_links":{"self":[{"href":"https:\/\/www.sudoestehoje.com.br\/novoportal\/wp-json\/wp\/v2\/posts\/104787","targetHints":{"allow":["GET"]}}],"collection":[{"href":"https:\/\/www.sudoestehoje.com.br\/novoportal\/wp-json\/wp\/v2\/posts"}],"about":[{"href":"https:\/\/www.sudoestehoje.com.br\/novoportal\/wp-json\/wp\/v2\/types\/post"}],"author":[{"embeddable":true,"href":"https:\/\/www.sudoestehoje.com.br\/novoportal\/wp-json\/wp\/v2\/users\/2"}],"replies":[{"embeddable":true,"href":"https:\/\/www.sudoestehoje.com.br\/novoportal\/wp-json\/wp\/v2\/comments?post=104787"}],"version-history":[{"count":7,"href":"https:\/\/www.sudoestehoje.com.br\/novoportal\/wp-json\/wp\/v2\/posts\/104787\/revisions"}],"predecessor-version":[{"id":104795,"href":"https:\/\/www.sudoestehoje.com.br\/novoportal\/wp-json\/wp\/v2\/posts\/104787\/revisions\/104795"}],"wp:featuredmedia":[{"embeddable":true,"href":"https:\/\/www.sudoestehoje.com.br\/novoportal\/wp-json\/wp\/v2\/media\/104791"}],"wp:attachment":[{"href":"https:\/\/www.sudoestehoje.com.br\/novoportal\/wp-json\/wp\/v2\/media?parent=104787"}],"wp:term":[{"taxonomy":"category","embeddable":true,"href":"https:\/\/www.sudoestehoje.com.br\/novoportal\/wp-json\/wp\/v2\/categories?post=104787"},{"taxonomy":"post_tag","embeddable":true,"href":"https:\/\/www.sudoestehoje.com.br\/novoportal\/wp-json\/wp\/v2\/tags?post=104787"}],"curies":[{"name":"wp","href":"https:\/\/api.w.org\/{rel}","templated":true}]}}