
{"id":104738,"date":"2022-09-06T20:06:21","date_gmt":"2022-09-06T23:06:21","guid":{"rendered":"https:\/\/www.sudoestehoje.com.br\/novoportal\/?p=104738"},"modified":"2022-09-06T20:31:43","modified_gmt":"2022-09-06T23:31:43","slug":"itapetinga-apoiadores-de-bolsonaro-vao-realizar-carreata-no-7-de-setembro","status":"publish","type":"post","link":"https:\/\/www.sudoestehoje.com.br\/novoportal\/2022\/09\/06\/itapetinga-apoiadores-de-bolsonaro-vao-realizar-carreata-no-7-de-setembro\/","title":{"rendered":"ITAPETINGA | APOIADORES DE BOLSONARO V\u00c3O REALIZAR CARREATA NO 7 DE SETEMBRO"},"content":{"rendered":"<p><a href=\"https:\/\/www.sudoestehoje.com.br\/novoportal\/wp-content\/uploads\/2022\/09\/pro-bozo.jpeg\"><img loading=\"lazy\" decoding=\"async\" class=\"aligncenter size-medium wp-image-104739\" src=\"https:\/\/www.sudoestehoje.com.br\/novoportal\/wp-content\/uploads\/2022\/09\/pro-bozo-500x333.jpeg\" alt=\"\" width=\"500\" height=\"333\" srcset=\"https:\/\/www.sudoestehoje.com.br\/novoportal\/wp-content\/uploads\/2022\/09\/pro-bozo-500x333.jpeg 500w, https:\/\/www.sudoestehoje.com.br\/novoportal\/wp-content\/uploads\/2022\/09\/pro-bozo.jpeg 700w\" sizes=\"auto, (max-width: 500px) 100vw, 500px\" \/><\/a><\/p>\n<p>Uma carreata organizada por partidos e grupos que apoiam o presidente Jair Bolsonaro, est\u00e1 programada para acontecer neste 7 de Setembro, a partir da 14h, em Itapetinga.<\/p>\n<p>De acordo com informa\u00e7\u00f5es colhidas pelo <strong><em>Sudoeste Hoje<\/em><\/strong>, a concentra\u00e7\u00e3o ser\u00e1 na frente do Parque de Exposi\u00e7\u00f5es Juvino Oliveira e ir\u00e1 percorrer todos os bairros da cidade.<\/p>\n<p>Nas elei\u00e7\u00f5es de 2018, Bolsonaro obteve a maior vota\u00e7\u00e3o para presidente em Itapetinga, com 47,26% dos votos no 1\u00ba Turno, e 53,69% no 2\u00ba Turno.<\/p>\n<p><strong><em>Por Davi Ferraz<\/em><\/strong><\/p>\n","protected":false},"excerpt":{"rendered":"<p>Uma carreata organizada por partidos e grupos que apoiam o presidente Jair Bolsonaro, est\u00e1 programada para acontecer neste 7 de Setembro, a partir da 14h, em Itapetinga. De acordo com informa\u00e7\u00f5es colhidas pelo Sudoeste Hoje, a concentra\u00e7\u00e3o ser\u00e1 na frente do Parque de Exposi\u00e7\u00f5es Juvino Oliveira e ir\u00e1 percorrer todos os bairros da cidade. Nas [&hellip;]<\/p>\n","protected":false},"author":2,"featured_media":104739,"comment_status":"open","ping_status":"open","sticky":false,"template":"","format":"standard","meta":{"footnotes":"","_links_to":"","_links_to_target":""},"categories":[1],"tags":[],"class_list":["post-104738","post","type-post","status-publish","format-standard","has-post-thumbnail","hentry","category-geral"],"views":902,"_links":{"self":[{"href":"https:\/\/www.sudoestehoje.com.br\/novoportal\/wp-json\/wp\/v2\/posts\/104738","targetHints":{"allow":["GET"]}}],"collection":[{"href":"https:\/\/www.sudoestehoje.com.br\/novoportal\/wp-json\/wp\/v2\/posts"}],"about":[{"href":"https:\/\/www.sudoestehoje.com.br\/novoportal\/wp-json\/wp\/v2\/types\/post"}],"author":[{"embeddable":true,"href":"https:\/\/www.sudoestehoje.com.br\/novoportal\/wp-json\/wp\/v2\/users\/2"}],"replies":[{"embeddable":true,"href":"https:\/\/www.sudoestehoje.com.br\/novoportal\/wp-json\/wp\/v2\/comments?post=104738"}],"version-history":[{"count":3,"href":"https:\/\/www.sudoestehoje.com.br\/novoportal\/wp-json\/wp\/v2\/posts\/104738\/revisions"}],"predecessor-version":[{"id":104742,"href":"https:\/\/www.sudoestehoje.com.br\/novoportal\/wp-json\/wp\/v2\/posts\/104738\/revisions\/104742"}],"wp:featuredmedia":[{"embeddable":true,"href":"https:\/\/www.sudoestehoje.com.br\/novoportal\/wp-json\/wp\/v2\/media\/104739"}],"wp:attachment":[{"href":"https:\/\/www.sudoestehoje.com.br\/novoportal\/wp-json\/wp\/v2\/media?parent=104738"}],"wp:term":[{"taxonomy":"category","embeddable":true,"href":"https:\/\/www.sudoestehoje.com.br\/novoportal\/wp-json\/wp\/v2\/categories?post=104738"},{"taxonomy":"post_tag","embeddable":true,"href":"https:\/\/www.sudoestehoje.com.br\/novoportal\/wp-json\/wp\/v2\/tags?post=104738"}],"curies":[{"name":"wp","href":"https:\/\/api.w.org\/{rel}","templated":true}]}}