
{"id":104733,"date":"2022-09-06T18:06:05","date_gmt":"2022-09-06T21:06:05","guid":{"rendered":"https:\/\/www.sudoestehoje.com.br\/novoportal\/?p=104733"},"modified":"2022-09-06T18:06:05","modified_gmt":"2022-09-06T21:06:05","slug":"itapetinga-vai-comemorar-o-7-de-setembro-com-desfile-e-shows-na-praca-dairy-valley","status":"publish","type":"post","link":"https:\/\/www.sudoestehoje.com.br\/novoportal\/2022\/09\/06\/itapetinga-vai-comemorar-o-7-de-setembro-com-desfile-e-shows-na-praca-dairy-valley\/","title":{"rendered":"ITAPETINGA VAI COMEMORAR O 7 DE SETEMBRO COM DESFILE E SHOWS NA PRA\u00c7A DAIRY VALLEY"},"content":{"rendered":"<div class=\"m8h3af8h l7ghb35v kjdc1dyq kmwttqpk gh25dzvf n3t5jt4f\">\n<div dir=\"auto\">\n<div class=\"m8h3af8h l7ghb35v kjdc1dyq kmwttqpk gh25dzvf n3t5jt4f\">\n<div dir=\"auto\"><a href=\"https:\/\/www.sudoestehoje.com.br\/novoportal\/wp-content\/uploads\/2022\/09\/WhatsApp-Image-2022-09-06-at-18.03.42.jpeg\"><img loading=\"lazy\" decoding=\"async\" class=\"aligncenter size-medium wp-image-104735\" src=\"https:\/\/www.sudoestehoje.com.br\/novoportal\/wp-content\/uploads\/2022\/09\/WhatsApp-Image-2022-09-06-at-18.03.42-500x468.jpeg\" alt=\"\" width=\"500\" height=\"468\" srcset=\"https:\/\/www.sudoestehoje.com.br\/novoportal\/wp-content\/uploads\/2022\/09\/WhatsApp-Image-2022-09-06-at-18.03.42-500x468.jpeg 500w, https:\/\/www.sudoestehoje.com.br\/novoportal\/wp-content\/uploads\/2022\/09\/WhatsApp-Image-2022-09-06-at-18.03.42-700x655.jpeg 700w, https:\/\/www.sudoestehoje.com.br\/novoportal\/wp-content\/uploads\/2022\/09\/WhatsApp-Image-2022-09-06-at-18.03.42-768x719.jpeg 768w, https:\/\/www.sudoestehoje.com.br\/novoportal\/wp-content\/uploads\/2022\/09\/WhatsApp-Image-2022-09-06-at-18.03.42.jpeg 1078w\" sizes=\"auto, (max-width: 500px) 100vw, 500px\" \/><\/a><\/div>\n<div dir=\"auto\">A gente tem muito a comemorar neste 7 de Setembro. H\u00e1 200 anos o Brasil declarava a sua independ\u00eancia e a gente come\u00e7ava a escrever uma bonita hist\u00f3ria que hoje se solidifica em um pa\u00eds forte. Por isso, ap\u00f3s o desfile c\u00edvico, as bandas Pipoco do Trov\u00e3o, Samba Mais e Peu do Acordeon animar\u00e3o a popula\u00e7\u00e3o em um grande momento de celebra\u00e7\u00e3o. A gente se encontra na pra\u00e7a Dairy Valley, \u00e0s 8h, para o nosso grande desfile e, \u00e0s 14h, para cantar e dan\u00e7ar juntos.<\/div>\n<\/div>\n<div class=\"l7ghb35v kjdc1dyq kmwttqpk gh25dzvf jikcssrz n3t5jt4f\">\n<div dir=\"auto\"><a class=\"qi72231t nu7423ey n3hqoq4p r86q59rh b3qcqh3k fq87ekyn bdao358l fsf7x5fv rse6dlih s5oniofx m8h3af8h l7ghb35v kjdc1dyq kmwttqpk srn514ro oxkhqvkx rl78xhln nch0832m cr00lzj9 rn8ck1ys s3jn8y49 icdlwmnq cxfqmxzd d1w2l3lo tes86rjd\" tabindex=\"0\" role=\"link\" href=\"https:\/\/www.facebook.com\/hashtag\/cidadeeducadora?__eep__=6&amp;__cft__[0]=AZUXSa1FRCxVvUL3ClG0wc8Hqc8L8atM9JiPw2TZZ56BMXspMFMfMzKoNgADJ3C3whQTuqoLfHavFb8nBDTj3AiRWn35ecvezirprxOLjpxTCdYzXhYbqIAIUvQtOdDrxEzPawWHyBzyBilz7t3pKeyJSptPvqF1E-HS3yN_EjF-kA&amp;__tn__=*NK-R\">#cidadeeducadora<\/a><\/div>\n<div dir=\"auto\"><a class=\"qi72231t nu7423ey n3hqoq4p r86q59rh b3qcqh3k fq87ekyn bdao358l fsf7x5fv rse6dlih s5oniofx m8h3af8h l7ghb35v kjdc1dyq kmwttqpk srn514ro oxkhqvkx rl78xhln nch0832m cr00lzj9 rn8ck1ys s3jn8y49 icdlwmnq cxfqmxzd d1w2l3lo tes86rjd\" tabindex=\"0\" role=\"link\" href=\"https:\/\/www.facebook.com\/hashtag\/independenciadobrasil?__eep__=6&amp;__cft__[0]=AZUXSa1FRCxVvUL3ClG0wc8Hqc8L8atM9JiPw2TZZ56BMXspMFMfMzKoNgADJ3C3whQTuqoLfHavFb8nBDTj3AiRWn35ecvezirprxOLjpxTCdYzXhYbqIAIUvQtOdDrxEzPawWHyBzyBilz7t3pKeyJSptPvqF1E-HS3yN_EjF-kA&amp;__tn__=*NK-R\">#independenciadobrasil<\/a><\/div>\n<div dir=\"auto\"><a class=\"qi72231t nu7423ey n3hqoq4p r86q59rh b3qcqh3k fq87ekyn bdao358l fsf7x5fv rse6dlih s5oniofx m8h3af8h l7ghb35v kjdc1dyq kmwttqpk srn514ro oxkhqvkx rl78xhln nch0832m cr00lzj9 rn8ck1ys s3jn8y49 icdlwmnq cxfqmxzd d1w2l3lo tes86rjd\" tabindex=\"0\" role=\"link\" href=\"https:\/\/www.facebook.com\/hashtag\/itapetingasualinda?__eep__=6&amp;__cft__[0]=AZUXSa1FRCxVvUL3ClG0wc8Hqc8L8atM9JiPw2TZZ56BMXspMFMfMzKoNgADJ3C3whQTuqoLfHavFb8nBDTj3AiRWn35ecvezirprxOLjpxTCdYzXhYbqIAIUvQtOdDrxEzPawWHyBzyBilz7t3pKeyJSptPvqF1E-HS3yN_EjF-kA&amp;__tn__=*NK-R\">#itapetingasualinda<\/a><\/div>\n<div dir=\"auto\"><a class=\"qi72231t nu7423ey n3hqoq4p r86q59rh b3qcqh3k fq87ekyn bdao358l fsf7x5fv rse6dlih s5oniofx m8h3af8h l7ghb35v kjdc1dyq kmwttqpk srn514ro oxkhqvkx rl78xhln nch0832m cr00lzj9 rn8ck1ys s3jn8y49 icdlwmnq cxfqmxzd d1w2l3lo tes86rjd\" tabindex=\"0\" role=\"link\" href=\"https:\/\/www.facebook.com\/hashtag\/oprofepassouaqui?__eep__=6&amp;__cft__[0]=AZUXSa1FRCxVvUL3ClG0wc8Hqc8L8atM9JiPw2TZZ56BMXspMFMfMzKoNgADJ3C3whQTuqoLfHavFb8nBDTj3AiRWn35ecvezirprxOLjpxTCdYzXhYbqIAIUvQtOdDrxEzPawWHyBzyBilz7t3pKeyJSptPvqF1E-HS3yN_EjF-kA&amp;__tn__=*NK-R\">#oprofepassouaqui<\/a><\/div>\n<\/div>\n<\/div>\n<\/div>\n<div class=\"l7ghb35v kjdc1dyq kmwttqpk gh25dzvf jikcssrz n3t5jt4f\"><\/div>\n","protected":false},"excerpt":{"rendered":"<p>A gente tem muito a comemorar neste 7 de Setembro. H\u00e1 200 anos o Brasil declarava a sua independ\u00eancia e a gente come\u00e7ava a escrever uma bonita hist\u00f3ria que hoje se solidifica em um pa\u00eds forte. Por isso, ap\u00f3s o desfile c\u00edvico, as bandas Pipoco do Trov\u00e3o, Samba Mais e Peu do Acordeon animar\u00e3o a [&hellip;]<\/p>\n","protected":false},"author":2,"featured_media":104735,"comment_status":"open","ping_status":"open","sticky":false,"template":"","format":"standard","meta":{"footnotes":"","_links_to":"","_links_to_target":""},"categories":[1],"tags":[],"class_list":["post-104733","post","type-post","status-publish","format-standard","has-post-thumbnail","hentry","category-geral"],"views":735,"_links":{"self":[{"href":"https:\/\/www.sudoestehoje.com.br\/novoportal\/wp-json\/wp\/v2\/posts\/104733","targetHints":{"allow":["GET"]}}],"collection":[{"href":"https:\/\/www.sudoestehoje.com.br\/novoportal\/wp-json\/wp\/v2\/posts"}],"about":[{"href":"https:\/\/www.sudoestehoje.com.br\/novoportal\/wp-json\/wp\/v2\/types\/post"}],"author":[{"embeddable":true,"href":"https:\/\/www.sudoestehoje.com.br\/novoportal\/wp-json\/wp\/v2\/users\/2"}],"replies":[{"embeddable":true,"href":"https:\/\/www.sudoestehoje.com.br\/novoportal\/wp-json\/wp\/v2\/comments?post=104733"}],"version-history":[{"count":3,"href":"https:\/\/www.sudoestehoje.com.br\/novoportal\/wp-json\/wp\/v2\/posts\/104733\/revisions"}],"predecessor-version":[{"id":104737,"href":"https:\/\/www.sudoestehoje.com.br\/novoportal\/wp-json\/wp\/v2\/posts\/104733\/revisions\/104737"}],"wp:featuredmedia":[{"embeddable":true,"href":"https:\/\/www.sudoestehoje.com.br\/novoportal\/wp-json\/wp\/v2\/media\/104735"}],"wp:attachment":[{"href":"https:\/\/www.sudoestehoje.com.br\/novoportal\/wp-json\/wp\/v2\/media?parent=104733"}],"wp:term":[{"taxonomy":"category","embeddable":true,"href":"https:\/\/www.sudoestehoje.com.br\/novoportal\/wp-json\/wp\/v2\/categories?post=104733"},{"taxonomy":"post_tag","embeddable":true,"href":"https:\/\/www.sudoestehoje.com.br\/novoportal\/wp-json\/wp\/v2\/tags?post=104733"}],"curies":[{"name":"wp","href":"https:\/\/api.w.org\/{rel}","templated":true}]}}