
{"id":104729,"date":"2022-09-06T17:35:30","date_gmt":"2022-09-06T20:35:30","guid":{"rendered":"https:\/\/www.sudoestehoje.com.br\/novoportal\/?p=104729"},"modified":"2022-09-06T17:35:30","modified_gmt":"2022-09-06T20:35:30","slug":"morre-o-comerciante-de-itapetinga-ze-freire","status":"publish","type":"post","link":"https:\/\/www.sudoestehoje.com.br\/novoportal\/2022\/09\/06\/morre-o-comerciante-de-itapetinga-ze-freire\/","title":{"rendered":"MORRE O COMERCIANTE DE ITAPETINGA Z\u00c9 FREIRE"},"content":{"rendered":"<p><a href=\"https:\/\/www.sudoestehoje.com.br\/novoportal\/wp-content\/uploads\/2022\/09\/WhatsApp-Image-2022-09-06-at-17.32.48.jpeg\"><img loading=\"lazy\" decoding=\"async\" class=\"aligncenter size-medium wp-image-104731\" src=\"https:\/\/www.sudoestehoje.com.br\/novoportal\/wp-content\/uploads\/2022\/09\/WhatsApp-Image-2022-09-06-at-17.32.48-500x635.jpeg\" alt=\"\" width=\"500\" height=\"635\" srcset=\"https:\/\/www.sudoestehoje.com.br\/novoportal\/wp-content\/uploads\/2022\/09\/WhatsApp-Image-2022-09-06-at-17.32.48-500x635.jpeg 500w, https:\/\/www.sudoestehoje.com.br\/novoportal\/wp-content\/uploads\/2022\/09\/WhatsApp-Image-2022-09-06-at-17.32.48.jpeg 676w\" sizes=\"auto, (max-width: 500px) 100vw, 500px\" \/><\/a><\/p>\n<p>Faleceu, nesta ter\u00e7a-feira (6), o pequeno comerciante de Itapetinga <strong>Jos\u00e9 Freire<\/strong>, ap\u00f3s realiza\u00e7\u00e3o de uma cirurgia card\u00edaca.<\/p>\n<p>Z\u00e9 Freire era figura conhecida e muito popular no com\u00e9rcio de Itapetinga e regi\u00e3o, tendo trabalhado durante anos como representante comercial e posteriormente como propriet\u00e1rio de uma loja de material de constru\u00e7\u00e3o.<\/p>\n<p>Ainda n\u00e3o h\u00e1 informa\u00e7\u00f5es sobre o local do vel\u00f3rio e sepultamento.\u00a0O Sudoeste Hoje lamenta a morte do amigo e estende seu pesar aos familiares.<\/p>\n<p><strong><em>Davi Ferraz &#8211; Editor<\/em><\/strong><\/p>\n","protected":false},"excerpt":{"rendered":"<p>Faleceu, nesta ter\u00e7a-feira (6), o pequeno comerciante de Itapetinga Jos\u00e9 Freire, ap\u00f3s realiza\u00e7\u00e3o de uma cirurgia card\u00edaca. Z\u00e9 Freire era figura conhecida e muito popular no com\u00e9rcio de Itapetinga e regi\u00e3o, tendo trabalhado durante anos como representante comercial e posteriormente como propriet\u00e1rio de uma loja de material de constru\u00e7\u00e3o. Ainda n\u00e3o h\u00e1 informa\u00e7\u00f5es sobre o [&hellip;]<\/p>\n","protected":false},"author":2,"featured_media":104731,"comment_status":"open","ping_status":"open","sticky":false,"template":"","format":"standard","meta":{"footnotes":"","_links_to":"","_links_to_target":""},"categories":[1],"tags":[],"class_list":["post-104729","post","type-post","status-publish","format-standard","has-post-thumbnail","hentry","category-geral"],"views":1106,"_links":{"self":[{"href":"https:\/\/www.sudoestehoje.com.br\/novoportal\/wp-json\/wp\/v2\/posts\/104729","targetHints":{"allow":["GET"]}}],"collection":[{"href":"https:\/\/www.sudoestehoje.com.br\/novoportal\/wp-json\/wp\/v2\/posts"}],"about":[{"href":"https:\/\/www.sudoestehoje.com.br\/novoportal\/wp-json\/wp\/v2\/types\/post"}],"author":[{"embeddable":true,"href":"https:\/\/www.sudoestehoje.com.br\/novoportal\/wp-json\/wp\/v2\/users\/2"}],"replies":[{"embeddable":true,"href":"https:\/\/www.sudoestehoje.com.br\/novoportal\/wp-json\/wp\/v2\/comments?post=104729"}],"version-history":[{"count":2,"href":"https:\/\/www.sudoestehoje.com.br\/novoportal\/wp-json\/wp\/v2\/posts\/104729\/revisions"}],"predecessor-version":[{"id":104732,"href":"https:\/\/www.sudoestehoje.com.br\/novoportal\/wp-json\/wp\/v2\/posts\/104729\/revisions\/104732"}],"wp:featuredmedia":[{"embeddable":true,"href":"https:\/\/www.sudoestehoje.com.br\/novoportal\/wp-json\/wp\/v2\/media\/104731"}],"wp:attachment":[{"href":"https:\/\/www.sudoestehoje.com.br\/novoportal\/wp-json\/wp\/v2\/media?parent=104729"}],"wp:term":[{"taxonomy":"category","embeddable":true,"href":"https:\/\/www.sudoestehoje.com.br\/novoportal\/wp-json\/wp\/v2\/categories?post=104729"},{"taxonomy":"post_tag","embeddable":true,"href":"https:\/\/www.sudoestehoje.com.br\/novoportal\/wp-json\/wp\/v2\/tags?post=104729"}],"curies":[{"name":"wp","href":"https:\/\/api.w.org\/{rel}","templated":true}]}}