
{"id":104713,"date":"2022-09-06T07:23:01","date_gmt":"2022-09-06T10:23:01","guid":{"rendered":"https:\/\/www.sudoestehoje.com.br\/novoportal\/?p=104713"},"modified":"2022-09-06T07:23:01","modified_gmt":"2022-09-06T10:23:01","slug":"video-veja-como-comecou-o-incendio-no-secador-da-betania-lacteos","status":"publish","type":"post","link":"https:\/\/www.sudoestehoje.com.br\/novoportal\/2022\/09\/06\/video-veja-como-comecou-o-incendio-no-secador-da-betania-lacteos\/","title":{"rendered":"V\u00cdDEO | VEJA COMO COME\u00c7OU O INC\u00caNDIO NO SECADOR DA BET\u00c2NIA L\u00c1CTEOS"},"content":{"rendered":"<p><a href=\"https:\/\/www.sudoestehoje.com.br\/novoportal\/wp-content\/uploads\/2022\/09\/WhatsApp-Image-2022-09-06-at-07.19.32.jpeg\"><img loading=\"lazy\" decoding=\"async\" class=\"aligncenter size-medium wp-image-104714\" src=\"https:\/\/www.sudoestehoje.com.br\/novoportal\/wp-content\/uploads\/2022\/09\/WhatsApp-Image-2022-09-06-at-07.19.32-500x271.jpeg\" alt=\"\" width=\"500\" height=\"271\" srcset=\"https:\/\/www.sudoestehoje.com.br\/novoportal\/wp-content\/uploads\/2022\/09\/WhatsApp-Image-2022-09-06-at-07.19.32-500x271.jpeg 500w, https:\/\/www.sudoestehoje.com.br\/novoportal\/wp-content\/uploads\/2022\/09\/WhatsApp-Image-2022-09-06-at-07.19.32-700x380.jpeg 700w, https:\/\/www.sudoestehoje.com.br\/novoportal\/wp-content\/uploads\/2022\/09\/WhatsApp-Image-2022-09-06-at-07.19.32-768x417.jpeg 768w, https:\/\/www.sudoestehoje.com.br\/novoportal\/wp-content\/uploads\/2022\/09\/WhatsApp-Image-2022-09-06-at-07.19.32.jpeg 1080w\" sizes=\"auto, (max-width: 500px) 100vw, 500px\" \/><\/a><\/p>\n<p>Um v\u00eddeo de uma c\u00e2mera de seguran\u00e7a da Bet\u00e2nia L\u00e1cteos mostra com nitidez o exato momento em que ocorreu a explos\u00e3o de um equipamento na ind\u00fastria de latic\u00ednios em Itapetinga, que veio a causar um inc\u00eandio em parte da f\u00e1brica.<\/p>\n<p>No momento da explos\u00e3o do equipamento denominado &#8220;secador&#8221;, dois funcion\u00e1rios estavam trabalhando no local, mas conseguiram sair correndo, como mostra o v\u00eddeo. Confira:<\/p>\n<div style=\"width: 1280px;\" class=\"wp-video\"><!--[if lt IE 9]><script>document.createElement('video');<\/script><![endif]-->\n<video class=\"wp-video-shortcode\" id=\"video-104713-1\" width=\"1280\" height=\"720\" preload=\"metadata\" controls=\"controls\"><source type=\"video\/mp4\" src=\"https:\/\/www.sudoestehoje.com.br\/novoportal\/wp-content\/uploads\/2022\/09\/WhatsApp-Video-2022-09-06-at-06.53.29.mp4?_=1\" \/><a href=\"https:\/\/www.sudoestehoje.com.br\/novoportal\/wp-content\/uploads\/2022\/09\/WhatsApp-Video-2022-09-06-at-06.53.29.mp4\">https:\/\/www.sudoestehoje.com.br\/novoportal\/wp-content\/uploads\/2022\/09\/WhatsApp-Video-2022-09-06-at-06.53.29.mp4<\/a><\/video><\/div>\n<p>&nbsp;<\/p>\n","protected":false},"excerpt":{"rendered":"<p>Um v\u00eddeo de uma c\u00e2mera de seguran\u00e7a da Bet\u00e2nia L\u00e1cteos mostra com nitidez o exato momento em que ocorreu a explos\u00e3o de um equipamento na ind\u00fastria de latic\u00ednios em Itapetinga, que veio a causar um inc\u00eandio em parte da f\u00e1brica. No momento da explos\u00e3o do equipamento denominado &#8220;secador&#8221;, dois funcion\u00e1rios estavam trabalhando no local, mas [&hellip;]<\/p>\n","protected":false},"author":2,"featured_media":104714,"comment_status":"open","ping_status":"open","sticky":false,"template":"","format":"standard","meta":{"footnotes":"","_links_to":"","_links_to_target":""},"categories":[1],"tags":[],"class_list":["post-104713","post","type-post","status-publish","format-standard","has-post-thumbnail","hentry","category-geral"],"views":1607,"_links":{"self":[{"href":"https:\/\/www.sudoestehoje.com.br\/novoportal\/wp-json\/wp\/v2\/posts\/104713","targetHints":{"allow":["GET"]}}],"collection":[{"href":"https:\/\/www.sudoestehoje.com.br\/novoportal\/wp-json\/wp\/v2\/posts"}],"about":[{"href":"https:\/\/www.sudoestehoje.com.br\/novoportal\/wp-json\/wp\/v2\/types\/post"}],"author":[{"embeddable":true,"href":"https:\/\/www.sudoestehoje.com.br\/novoportal\/wp-json\/wp\/v2\/users\/2"}],"replies":[{"embeddable":true,"href":"https:\/\/www.sudoestehoje.com.br\/novoportal\/wp-json\/wp\/v2\/comments?post=104713"}],"version-history":[{"count":1,"href":"https:\/\/www.sudoestehoje.com.br\/novoportal\/wp-json\/wp\/v2\/posts\/104713\/revisions"}],"predecessor-version":[{"id":104716,"href":"https:\/\/www.sudoestehoje.com.br\/novoportal\/wp-json\/wp\/v2\/posts\/104713\/revisions\/104716"}],"wp:featuredmedia":[{"embeddable":true,"href":"https:\/\/www.sudoestehoje.com.br\/novoportal\/wp-json\/wp\/v2\/media\/104714"}],"wp:attachment":[{"href":"https:\/\/www.sudoestehoje.com.br\/novoportal\/wp-json\/wp\/v2\/media?parent=104713"}],"wp:term":[{"taxonomy":"category","embeddable":true,"href":"https:\/\/www.sudoestehoje.com.br\/novoportal\/wp-json\/wp\/v2\/categories?post=104713"},{"taxonomy":"post_tag","embeddable":true,"href":"https:\/\/www.sudoestehoje.com.br\/novoportal\/wp-json\/wp\/v2\/tags?post=104713"}],"curies":[{"name":"wp","href":"https:\/\/api.w.org\/{rel}","templated":true}]}}