
{"id":104704,"date":"2022-09-06T06:43:47","date_gmt":"2022-09-06T09:43:47","guid":{"rendered":"https:\/\/www.sudoestehoje.com.br\/novoportal\/?p=104704"},"modified":"2022-09-06T06:48:20","modified_gmt":"2022-09-06T09:48:20","slug":"itapetinga-coordenador-da-19a-ciretran-explica-falta-de-energia-no-orgao","status":"publish","type":"post","link":"https:\/\/www.sudoestehoje.com.br\/novoportal\/2022\/09\/06\/itapetinga-coordenador-da-19a-ciretran-explica-falta-de-energia-no-orgao\/","title":{"rendered":"ITAPETINGA | COORDENADOR DA 19\u00aa CIRETRAN EXPLICA FALTA DE ENERGIA NO \u00d3RG\u00c3O"},"content":{"rendered":"<p><a href=\"https:\/\/www.sudoestehoje.com.br\/novoportal\/wp-content\/uploads\/2022\/09\/19a-ciretran-500x375-1.jpeg\"><img loading=\"lazy\" decoding=\"async\" class=\"aligncenter size-full wp-image-104671\" src=\"https:\/\/www.sudoestehoje.com.br\/novoportal\/wp-content\/uploads\/2022\/09\/19a-ciretran-500x375-1.jpeg\" alt=\"\" width=\"500\" height=\"375\" \/><\/a><\/p>\n<p>Ap\u00f3s divulga\u00e7\u00e3o pelo Sudoeste Hoje a respeito da falta de energia el\u00e9trica na 19\u00aa Ciretran, em Itapetinga, o coordenador do \u00f3rg\u00e3o, Sr. Jos\u00e9 Amaral Junior, solicitou a publica\u00e7\u00e3o das suas justificativas a respeito do fato. Confira:<\/p>\n<p><em>&#8220;H\u00e1 alguns meses encaminhei a CAAD\/Detran, em Salvador, a situa\u00e7\u00e3o da rede de alta tens\u00e3o da coelba que passa sobre o p\u00e1tio da Ciretran de Itapetinga, com risco iminente de provocar acidentes com morte caso a fia\u00e7\u00e3o despencasse. <\/em><em>O Detran. Tempestivamente solicitou nova liga\u00e7\u00e3o, mas antes da coelba fazer a nova liga\u00e7\u00e3o, ocorreu um curto circuito danificando a estrutura prec\u00e1ria da &#8220;antiga canela&#8221;, conforme pode ser observado na foto. <\/em><em>A falta de energia el\u00e9trica est\u00e1 entrando na segunda semana, por\u00e9m, os servi\u00e7os de transfer\u00eancia de propriedade de ve\u00edculos e lan\u00e7amento dos exames de primeira habilita\u00e7\u00e3o n\u00e3o foram interrompidos, pois s\u00e3o realizados por servidores da Ciretran no Ponto Sac e no posto avan\u00e7ado de Ibicui. O \u00fanico servi\u00e7o que deixou de ser realizado foi o de lan\u00e7amento no sistema de ve\u00edculos apreendidos. <\/em><em>Estou em Salvador e na tarde desta segunda-feira reunir com o coordenador da CAAD Vinicius Amorim e com o coordenador da COSE, quando tratamos de v\u00e1rios assuntos, inclusive da liga\u00e7\u00e3o da energia el\u00e9trica, cujo protocolo de solicita\u00e7\u00e3o a Coelba segue para confer\u00eancia. <\/em><em>Obrigado pela aten\u00e7\u00e3o de informar aos leitores deste site, demonstrando nossa preocupa\u00e7\u00e3o em voltar o mais breve a normalidade. Amaral Junior &#8211; Coordenador da 19\u00aa Ciretran&#8221;.\u00a0<\/em><\/p>\n<p>Confira fotos encaminhadas:<\/p>\n<p><a href=\"https:\/\/www.sudoestehoje.com.br\/novoportal\/wp-content\/uploads\/2022\/09\/WhatsApp-Image-2022-09-05-at-20.36.53.jpeg\"><img loading=\"lazy\" decoding=\"async\" class=\"aligncenter size-medium wp-image-104708\" src=\"https:\/\/www.sudoestehoje.com.br\/novoportal\/wp-content\/uploads\/2022\/09\/WhatsApp-Image-2022-09-05-at-20.36.53-500x375.jpeg\" alt=\"\" width=\"500\" height=\"375\" srcset=\"https:\/\/www.sudoestehoje.com.br\/novoportal\/wp-content\/uploads\/2022\/09\/WhatsApp-Image-2022-09-05-at-20.36.53-500x375.jpeg 500w, https:\/\/www.sudoestehoje.com.br\/novoportal\/wp-content\/uploads\/2022\/09\/WhatsApp-Image-2022-09-05-at-20.36.53-700x525.jpeg 700w, https:\/\/www.sudoestehoje.com.br\/novoportal\/wp-content\/uploads\/2022\/09\/WhatsApp-Image-2022-09-05-at-20.36.53-768x576.jpeg 768w, https:\/\/www.sudoestehoje.com.br\/novoportal\/wp-content\/uploads\/2022\/09\/WhatsApp-Image-2022-09-05-at-20.36.53.jpeg 1280w\" sizes=\"auto, (max-width: 500px) 100vw, 500px\" \/><\/a> <a href=\"https:\/\/www.sudoestehoje.com.br\/novoportal\/wp-content\/uploads\/2022\/09\/WhatsApp-Image-2022-09-05-at-20.37.50.jpeg\"><img loading=\"lazy\" decoding=\"async\" class=\"aligncenter size-medium wp-image-104709\" src=\"https:\/\/www.sudoestehoje.com.br\/novoportal\/wp-content\/uploads\/2022\/09\/WhatsApp-Image-2022-09-05-at-20.37.50-500x281.jpeg\" alt=\"\" width=\"500\" height=\"281\" srcset=\"https:\/\/www.sudoestehoje.com.br\/novoportal\/wp-content\/uploads\/2022\/09\/WhatsApp-Image-2022-09-05-at-20.37.50-500x281.jpeg 500w, https:\/\/www.sudoestehoje.com.br\/novoportal\/wp-content\/uploads\/2022\/09\/WhatsApp-Image-2022-09-05-at-20.37.50-700x394.jpeg 700w, https:\/\/www.sudoestehoje.com.br\/novoportal\/wp-content\/uploads\/2022\/09\/WhatsApp-Image-2022-09-05-at-20.37.50-768x432.jpeg 768w, https:\/\/www.sudoestehoje.com.br\/novoportal\/wp-content\/uploads\/2022\/09\/WhatsApp-Image-2022-09-05-at-20.37.50-1536x864.jpeg 1536w, https:\/\/www.sudoestehoje.com.br\/novoportal\/wp-content\/uploads\/2022\/09\/WhatsApp-Image-2022-09-05-at-20.37.50.jpeg 1600w\" sizes=\"auto, (max-width: 500px) 100vw, 500px\" \/><\/a><\/p>\n<p><strong><em>Reda\u00e7\u00e3o SH<\/em><\/strong><\/p>\n","protected":false},"excerpt":{"rendered":"<p>Ap\u00f3s divulga\u00e7\u00e3o pelo Sudoeste Hoje a respeito da falta de energia el\u00e9trica na 19\u00aa Ciretran, em Itapetinga, o coordenador do \u00f3rg\u00e3o, Sr. Jos\u00e9 Amaral Junior, solicitou a publica\u00e7\u00e3o das suas justificativas a respeito do fato. Confira: &#8220;H\u00e1 alguns meses encaminhei a CAAD\/Detran, em Salvador, a situa\u00e7\u00e3o da rede de alta tens\u00e3o da coelba que passa [&hellip;]<\/p>\n","protected":false},"author":2,"featured_media":104671,"comment_status":"open","ping_status":"open","sticky":false,"template":"","format":"standard","meta":{"footnotes":"","_links_to":"","_links_to_target":""},"categories":[1],"tags":[],"class_list":["post-104704","post","type-post","status-publish","format-standard","has-post-thumbnail","hentry","category-geral"],"views":1160,"_links":{"self":[{"href":"https:\/\/www.sudoestehoje.com.br\/novoportal\/wp-json\/wp\/v2\/posts\/104704","targetHints":{"allow":["GET"]}}],"collection":[{"href":"https:\/\/www.sudoestehoje.com.br\/novoportal\/wp-json\/wp\/v2\/posts"}],"about":[{"href":"https:\/\/www.sudoestehoje.com.br\/novoportal\/wp-json\/wp\/v2\/types\/post"}],"author":[{"embeddable":true,"href":"https:\/\/www.sudoestehoje.com.br\/novoportal\/wp-json\/wp\/v2\/users\/2"}],"replies":[{"embeddable":true,"href":"https:\/\/www.sudoestehoje.com.br\/novoportal\/wp-json\/wp\/v2\/comments?post=104704"}],"version-history":[{"count":6,"href":"https:\/\/www.sudoestehoje.com.br\/novoportal\/wp-json\/wp\/v2\/posts\/104704\/revisions"}],"predecessor-version":[{"id":104712,"href":"https:\/\/www.sudoestehoje.com.br\/novoportal\/wp-json\/wp\/v2\/posts\/104704\/revisions\/104712"}],"wp:featuredmedia":[{"embeddable":true,"href":"https:\/\/www.sudoestehoje.com.br\/novoportal\/wp-json\/wp\/v2\/media\/104671"}],"wp:attachment":[{"href":"https:\/\/www.sudoestehoje.com.br\/novoportal\/wp-json\/wp\/v2\/media?parent=104704"}],"wp:term":[{"taxonomy":"category","embeddable":true,"href":"https:\/\/www.sudoestehoje.com.br\/novoportal\/wp-json\/wp\/v2\/categories?post=104704"},{"taxonomy":"post_tag","embeddable":true,"href":"https:\/\/www.sudoestehoje.com.br\/novoportal\/wp-json\/wp\/v2\/tags?post=104704"}],"curies":[{"name":"wp","href":"https:\/\/api.w.org\/{rel}","templated":true}]}}