
{"id":10468,"date":"2011-11-12T21:04:32","date_gmt":"2011-11-13T00:04:32","guid":{"rendered":"http:\/\/www.sudoestehoje.com.br\/novoportal\/?p=10468"},"modified":"2011-11-12T21:04:32","modified_gmt":"2011-11-13T00:04:32","slug":"divisao-do-para-devera-ser-rejeitada-segundo-datafolha","status":"publish","type":"post","link":"https:\/\/www.sudoestehoje.com.br\/novoportal\/2011\/11\/12\/divisao-do-para-devera-ser-rejeitada-segundo-datafolha\/","title":{"rendered":"DIVIS\u00c3O DO PAR\u00c1 DEVER\u00c1 SER REJEITADA, SEGUNDO DATAFOLHA"},"content":{"rendered":"<p style=\"text-align: center;\"><img decoding=\"async\" class=\"aligncenter\" src=\"http:\/\/www.parapolitico.com.br\/wp-content\/uploads\/Divis%C3%A3o-do-Par%C3%A13.jpg\" alt=\"\" width=\"300\" \/><\/p>\n<p>A divis\u00e3o do Par\u00e1 dever\u00e1 ser rejeitada por 58% dos eleitores do Estado, de acordo com pesquisa do Instituto Datafolha divulgada nesta sexta-feira. A pesquisa, encomendada em uma parceria entre Folha, TV Liberal e TV Tapaj\u00f3s (afiliadas da Rede Globo no Par\u00e1), ouviu 880 eleitores paraenses de 7 a 10 de novembro. A margem de erro \u00e9 de tr\u00eas pontos percentuais para mais ou para menos. Foi registrada no TSE (Tribunal Superior Eleitoral) sob o n\u00famero 46041\/2011. O plebiscito ocorrer\u00e1 no dia 11 de dezembro. O percentual de rejei\u00e7\u00e3o \u00e9 o mesmo tanto para a cria\u00e7\u00e3o do Caraj\u00e1s (sudeste do Par\u00e1) como para a cria\u00e7\u00e3o do Tapaj\u00f3s (oeste).<\/p>\n<p>Os favor\u00e1veis aos novos Estados s\u00e3o 33%, para ambos os casos. A diferen\u00e7a est\u00e1 nos que afirmam ainda n\u00e3o saber seu voto. Questionados se s\u00e3o a favor da cria\u00e7\u00e3o do Caraj\u00e1s, 8% responderam que n\u00e3o sabem. No caso do Tapaj\u00f3s, 10% disseram n\u00e3o saber. A soma dos percentuais d\u00e1 99% no caso do Caraj\u00e1s e 101% para Tapaj\u00f3s. Isso ocorre devido aos arredondamentos num\u00e9ricos, porque o Datafolha n\u00e3o trabalha com n\u00fameros decimais. A pesquisa ainda n\u00e3o identifica o reflexo do hor\u00e1rio eleitoral gratuito sobre a opini\u00e3o dos paraenses, j\u00e1 que a propaganda come\u00e7ou somente nesta sexta-feira. (Folha).<\/p>\n","protected":false},"excerpt":{"rendered":"<p>A divis\u00e3o do Par\u00e1 dever\u00e1 ser rejeitada por 58% dos eleitores do Estado, de acordo com pesquisa do Instituto Datafolha divulgada nesta sexta-feira. A pesquisa, encomendada em uma parceria entre Folha, TV Liberal e TV Tapaj\u00f3s (afiliadas da Rede Globo no Par\u00e1), ouviu 880 eleitores paraenses de 7 a 10 de novembro. A margem de [&hellip;]<\/p>\n","protected":false},"author":2,"featured_media":0,"comment_status":"open","ping_status":"open","sticky":false,"template":"","format":"standard","meta":{"footnotes":"","_links_to":"","_links_to_target":""},"categories":[1],"tags":[],"class_list":["post-10468","post","type-post","status-publish","format-standard","hentry","category-geral"],"views":1378,"_links":{"self":[{"href":"https:\/\/www.sudoestehoje.com.br\/novoportal\/wp-json\/wp\/v2\/posts\/10468","targetHints":{"allow":["GET"]}}],"collection":[{"href":"https:\/\/www.sudoestehoje.com.br\/novoportal\/wp-json\/wp\/v2\/posts"}],"about":[{"href":"https:\/\/www.sudoestehoje.com.br\/novoportal\/wp-json\/wp\/v2\/types\/post"}],"author":[{"embeddable":true,"href":"https:\/\/www.sudoestehoje.com.br\/novoportal\/wp-json\/wp\/v2\/users\/2"}],"replies":[{"embeddable":true,"href":"https:\/\/www.sudoestehoje.com.br\/novoportal\/wp-json\/wp\/v2\/comments?post=10468"}],"version-history":[{"count":2,"href":"https:\/\/www.sudoestehoje.com.br\/novoportal\/wp-json\/wp\/v2\/posts\/10468\/revisions"}],"predecessor-version":[{"id":10470,"href":"https:\/\/www.sudoestehoje.com.br\/novoportal\/wp-json\/wp\/v2\/posts\/10468\/revisions\/10470"}],"wp:attachment":[{"href":"https:\/\/www.sudoestehoje.com.br\/novoportal\/wp-json\/wp\/v2\/media?parent=10468"}],"wp:term":[{"taxonomy":"category","embeddable":true,"href":"https:\/\/www.sudoestehoje.com.br\/novoportal\/wp-json\/wp\/v2\/categories?post=10468"},{"taxonomy":"post_tag","embeddable":true,"href":"https:\/\/www.sudoestehoje.com.br\/novoportal\/wp-json\/wp\/v2\/tags?post=10468"}],"curies":[{"name":"wp","href":"https:\/\/api.w.org\/{rel}","templated":true}]}}