
{"id":104661,"date":"2022-09-04T19:47:10","date_gmt":"2022-09-04T22:47:10","guid":{"rendered":"https:\/\/www.sudoestehoje.com.br\/novoportal\/?p=104661"},"modified":"2022-09-04T19:47:10","modified_gmt":"2022-09-04T22:47:10","slug":"itapetinga-vereadora-manu-brandao-manifesta-indignacao-com-suspensao-do-piso-salarial-dos-enfermeiros-pelo-stf","status":"publish","type":"post","link":"https:\/\/www.sudoestehoje.com.br\/novoportal\/2022\/09\/04\/itapetinga-vereadora-manu-brandao-manifesta-indignacao-com-suspensao-do-piso-salarial-dos-enfermeiros-pelo-stf\/","title":{"rendered":"ITAPETINGA | VEREADORA MANU BRAND\u00c3O MANIFESTA INDIGNA\u00c7\u00c3O COM SUSPENS\u00c3O DO PISO SALARIAL DOS ENFERMEIROS PELO STF"},"content":{"rendered":"<p><a href=\"https:\/\/www.sudoestehoje.com.br\/novoportal\/wp-content\/uploads\/2022\/09\/WhatsApp-Image-2022-09-04-at-19.02.19.jpeg\"><img loading=\"lazy\" decoding=\"async\" class=\"aligncenter size-medium wp-image-104667\" src=\"https:\/\/www.sudoestehoje.com.br\/novoportal\/wp-content\/uploads\/2022\/09\/WhatsApp-Image-2022-09-04-at-19.02.19-500x333.jpeg\" alt=\"\" width=\"500\" height=\"333\" srcset=\"https:\/\/www.sudoestehoje.com.br\/novoportal\/wp-content\/uploads\/2022\/09\/WhatsApp-Image-2022-09-04-at-19.02.19-500x333.jpeg 500w, https:\/\/www.sudoestehoje.com.br\/novoportal\/wp-content\/uploads\/2022\/09\/WhatsApp-Image-2022-09-04-at-19.02.19.jpeg 678w\" sizes=\"auto, (max-width: 500px) 100vw, 500px\" \/><\/a><\/p>\n<p>A vereadora Manu Brand\u00e3o (MDB), na condi\u00e7\u00e3o de representante dos profissionais da Enfermagem no Poder Legislativo Municipal, vem a p\u00fablico manifestar sua indigna\u00e7\u00e3o com a suspens\u00e3o tempor\u00e1ria do piso nacional da categoria.<\/p>\n<p>A decis\u00e3o tomada pelo STF, neste domingo (4), apesar de ter car\u00e1ter liminar, afronta um direito que \u00e9 fruto de uma luta hist\u00f3rica pela valoriza\u00e7\u00e3o profissional, uma conquista da qual n\u00e3o abriremos m\u00e3o.<\/p>\n<p>Temos certeza que essa decis\u00e3o n\u00e3o prevalecer\u00e1 e o STF entender\u00e1 que deve ser mantido o piso aprovado pelo Congresso Nacional.<\/p>\n<p>O piso, que seria pago pela primeira vez nesta segunda (5), foi fixado em R$ 4.750, para os setores p\u00fablico e privado. O valor ainda serve de refer\u00eancia para o c\u00e1lculo do m\u00ednimo salarial de t\u00e9cnicos de enfermagem (70%), auxiliares de enfermagem (50%) e parteiras (50%).<\/p>\n<p>Nosso mandato apoia e defende o pagamento do piso nacional para os profissionais da Enfermagem do Brasil, da Bahia e de Itapetinga.<\/p>\n<p>N\u00e3o vamos desistir. Vamos resistir. Confiamos na seriedade e responsabilidade da Justi\u00e7a. Juntos, venceremos mais essa batalha!<\/p>\n","protected":false},"excerpt":{"rendered":"<p>A vereadora Manu Brand\u00e3o (MDB), na condi\u00e7\u00e3o de representante dos profissionais da Enfermagem no Poder Legislativo Municipal, vem a p\u00fablico manifestar sua indigna\u00e7\u00e3o com a suspens\u00e3o tempor\u00e1ria do piso nacional da categoria. A decis\u00e3o tomada pelo STF, neste domingo (4), apesar de ter car\u00e1ter liminar, afronta um direito que \u00e9 fruto de uma luta hist\u00f3rica [&hellip;]<\/p>\n","protected":false},"author":2,"featured_media":104667,"comment_status":"open","ping_status":"open","sticky":false,"template":"","format":"standard","meta":{"footnotes":"","_links_to":"","_links_to_target":""},"categories":[1],"tags":[],"class_list":["post-104661","post","type-post","status-publish","format-standard","has-post-thumbnail","hentry","category-geral"],"views":925,"_links":{"self":[{"href":"https:\/\/www.sudoestehoje.com.br\/novoportal\/wp-json\/wp\/v2\/posts\/104661","targetHints":{"allow":["GET"]}}],"collection":[{"href":"https:\/\/www.sudoestehoje.com.br\/novoportal\/wp-json\/wp\/v2\/posts"}],"about":[{"href":"https:\/\/www.sudoestehoje.com.br\/novoportal\/wp-json\/wp\/v2\/types\/post"}],"author":[{"embeddable":true,"href":"https:\/\/www.sudoestehoje.com.br\/novoportal\/wp-json\/wp\/v2\/users\/2"}],"replies":[{"embeddable":true,"href":"https:\/\/www.sudoestehoje.com.br\/novoportal\/wp-json\/wp\/v2\/comments?post=104661"}],"version-history":[{"count":6,"href":"https:\/\/www.sudoestehoje.com.br\/novoportal\/wp-json\/wp\/v2\/posts\/104661\/revisions"}],"predecessor-version":[{"id":104668,"href":"https:\/\/www.sudoestehoje.com.br\/novoportal\/wp-json\/wp\/v2\/posts\/104661\/revisions\/104668"}],"wp:featuredmedia":[{"embeddable":true,"href":"https:\/\/www.sudoestehoje.com.br\/novoportal\/wp-json\/wp\/v2\/media\/104667"}],"wp:attachment":[{"href":"https:\/\/www.sudoestehoje.com.br\/novoportal\/wp-json\/wp\/v2\/media?parent=104661"}],"wp:term":[{"taxonomy":"category","embeddable":true,"href":"https:\/\/www.sudoestehoje.com.br\/novoportal\/wp-json\/wp\/v2\/categories?post=104661"},{"taxonomy":"post_tag","embeddable":true,"href":"https:\/\/www.sudoestehoje.com.br\/novoportal\/wp-json\/wp\/v2\/tags?post=104661"}],"curies":[{"name":"wp","href":"https:\/\/api.w.org\/{rel}","templated":true}]}}