
{"id":104482,"date":"2022-08-30T09:42:44","date_gmt":"2022-08-30T12:42:44","guid":{"rendered":"https:\/\/www.sudoestehoje.com.br\/novoportal\/?p=104482"},"modified":"2022-08-30T09:42:44","modified_gmt":"2022-08-30T12:42:44","slug":"itapetinga-temperatura-cai-com-a-chegada-de-nova-frente-fria-na-regiao","status":"publish","type":"post","link":"https:\/\/www.sudoestehoje.com.br\/novoportal\/2022\/08\/30\/itapetinga-temperatura-cai-com-a-chegada-de-nova-frente-fria-na-regiao\/","title":{"rendered":"ITAPETINGA | TEMPERATURA CAI COM A CHEGADA DE NOVA FRENTE FRIA NA REGI\u00c3O"},"content":{"rendered":"<p><a href=\"https:\/\/www.sudoestehoje.com.br\/novoportal\/wp-content\/uploads\/2022\/08\/WhatsApp-Image-2022-08-30-at-09.38.50.jpeg\"><img loading=\"lazy\" decoding=\"async\" class=\"aligncenter size-medium wp-image-104484\" src=\"https:\/\/www.sudoestehoje.com.br\/novoportal\/wp-content\/uploads\/2022\/08\/WhatsApp-Image-2022-08-30-at-09.38.50-500x282.jpeg\" alt=\"\" width=\"500\" height=\"282\" srcset=\"https:\/\/www.sudoestehoje.com.br\/novoportal\/wp-content\/uploads\/2022\/08\/WhatsApp-Image-2022-08-30-at-09.38.50-500x282.jpeg 500w, https:\/\/www.sudoestehoje.com.br\/novoportal\/wp-content\/uploads\/2022\/08\/WhatsApp-Image-2022-08-30-at-09.38.50-700x394.jpeg 700w, https:\/\/www.sudoestehoje.com.br\/novoportal\/wp-content\/uploads\/2022\/08\/WhatsApp-Image-2022-08-30-at-09.38.50-768x432.jpeg 768w, https:\/\/www.sudoestehoje.com.br\/novoportal\/wp-content\/uploads\/2022\/08\/WhatsApp-Image-2022-08-30-at-09.38.50.jpeg 1156w\" sizes=\"auto, (max-width: 500px) 100vw, 500px\" \/><\/a><\/p>\n<p>Depois do calor de ontem, Itapetinga amanheceu com tempo frio e nublado, nesta ter\u00e7a-feira (30), com rajadas fortes de vento e chuva fina, que atingiu tamb\u00e9m toda a regi\u00e3o.<\/p>\n<p>De acordo com as previs\u00f5es, a friagem vai se estender por toda a semana.<\/p>\n<p>Neste momento, a temperatura na &#8216;Capital da Pecu\u00e1ria Baiana&#8217; \u00e9 de 21 \u00b0C, podendo chegar aos 13\u00b0C durante a madrugada desta ter\u00e7a para quarta-feira (21).<\/p>\n<p><strong><em>Reda\u00e7\u00e3o SH<\/em><\/strong><\/p>\n","protected":false},"excerpt":{"rendered":"<p>Depois do calor de ontem, Itapetinga amanheceu com tempo frio e nublado, nesta ter\u00e7a-feira (30), com rajadas fortes de vento e chuva fina, que atingiu tamb\u00e9m toda a regi\u00e3o. De acordo com as previs\u00f5es, a friagem vai se estender por toda a semana. Neste momento, a temperatura na &#8216;Capital da Pecu\u00e1ria Baiana&#8217; \u00e9 de 21 [&hellip;]<\/p>\n","protected":false},"author":2,"featured_media":104484,"comment_status":"open","ping_status":"open","sticky":false,"template":"","format":"standard","meta":{"footnotes":"","_links_to":"","_links_to_target":""},"categories":[1],"tags":[],"class_list":["post-104482","post","type-post","status-publish","format-standard","has-post-thumbnail","hentry","category-geral"],"views":1192,"_links":{"self":[{"href":"https:\/\/www.sudoestehoje.com.br\/novoportal\/wp-json\/wp\/v2\/posts\/104482","targetHints":{"allow":["GET"]}}],"collection":[{"href":"https:\/\/www.sudoestehoje.com.br\/novoportal\/wp-json\/wp\/v2\/posts"}],"about":[{"href":"https:\/\/www.sudoestehoje.com.br\/novoportal\/wp-json\/wp\/v2\/types\/post"}],"author":[{"embeddable":true,"href":"https:\/\/www.sudoestehoje.com.br\/novoportal\/wp-json\/wp\/v2\/users\/2"}],"replies":[{"embeddable":true,"href":"https:\/\/www.sudoestehoje.com.br\/novoportal\/wp-json\/wp\/v2\/comments?post=104482"}],"version-history":[{"count":2,"href":"https:\/\/www.sudoestehoje.com.br\/novoportal\/wp-json\/wp\/v2\/posts\/104482\/revisions"}],"predecessor-version":[{"id":104485,"href":"https:\/\/www.sudoestehoje.com.br\/novoportal\/wp-json\/wp\/v2\/posts\/104482\/revisions\/104485"}],"wp:featuredmedia":[{"embeddable":true,"href":"https:\/\/www.sudoestehoje.com.br\/novoportal\/wp-json\/wp\/v2\/media\/104484"}],"wp:attachment":[{"href":"https:\/\/www.sudoestehoje.com.br\/novoportal\/wp-json\/wp\/v2\/media?parent=104482"}],"wp:term":[{"taxonomy":"category","embeddable":true,"href":"https:\/\/www.sudoestehoje.com.br\/novoportal\/wp-json\/wp\/v2\/categories?post=104482"},{"taxonomy":"post_tag","embeddable":true,"href":"https:\/\/www.sudoestehoje.com.br\/novoportal\/wp-json\/wp\/v2\/tags?post=104482"}],"curies":[{"name":"wp","href":"https:\/\/api.w.org\/{rel}","templated":true}]}}