
{"id":104461,"date":"2022-08-28T18:46:38","date_gmt":"2022-08-28T21:46:38","guid":{"rendered":"https:\/\/www.sudoestehoje.com.br\/novoportal\/?p=104461"},"modified":"2022-08-28T19:13:34","modified_gmt":"2022-08-28T22:13:34","slug":"regiao-tio-do-prefeito-de-itarantim-sofre-agressao-em-evento-de-rosemberg","status":"publish","type":"post","link":"https:\/\/www.sudoestehoje.com.br\/novoportal\/2022\/08\/28\/regiao-tio-do-prefeito-de-itarantim-sofre-agressao-em-evento-de-rosemberg\/","title":{"rendered":"REGI\u00c3O | TIO DO PREFEITO DE ITARANTIM SOFRE AGRESS\u00c3O EM EVENTO DE ROSEMBERG"},"content":{"rendered":"<p><a href=\"https:\/\/www.sudoestehoje.com.br\/novoportal\/wp-content\/uploads\/2022\/08\/IMAGEM_NOTICIA_9-1.jpg\"><img loading=\"lazy\" decoding=\"async\" class=\"aligncenter size-medium wp-image-104462\" src=\"https:\/\/www.sudoestehoje.com.br\/novoportal\/wp-content\/uploads\/2022\/08\/IMAGEM_NOTICIA_9-1-500x263.jpg\" alt=\"\" width=\"500\" height=\"263\" srcset=\"https:\/\/www.sudoestehoje.com.br\/novoportal\/wp-content\/uploads\/2022\/08\/IMAGEM_NOTICIA_9-1-500x263.jpg 500w, https:\/\/www.sudoestehoje.com.br\/novoportal\/wp-content\/uploads\/2022\/08\/IMAGEM_NOTICIA_9-1-700x368.jpg 700w, https:\/\/www.sudoestehoje.com.br\/novoportal\/wp-content\/uploads\/2022\/08\/IMAGEM_NOTICIA_9-1-768x403.jpg 768w, https:\/\/www.sudoestehoje.com.br\/novoportal\/wp-content\/uploads\/2022\/08\/IMAGEM_NOTICIA_9-1.jpg 1200w\" sizes=\"auto, (max-width: 500px) 100vw, 500px\" \/><\/a><\/p>\n<p>O pecuarista Candinho Gusm\u00e3o foi agredido em Itarantim, na noite de s\u00e1bado (27). Ele \u00e9 tio do prefeito F\u00e1bio Gusm\u00e3o (PSD), mas \u00e9 advers\u00e1rio pol\u00edtico e sempre faz den\u00fancias contra o governo.<\/p>\n<p>De acordo com informa\u00e7\u00f5es, a agress\u00e3o aconteceu na principal pra\u00e7a da cidade e no local estava acontecendo um ato do deputado Rosemberg Pinto (PT), ligado ao grupo pol\u00edtico do prefeito. Um homem conhecido como \u201cBrun\u00e3o\u201d se aproximou e agrediu Candinho com um objeto.<\/p>\n<p>Logo depois Candinho Gusm\u00e3o foi retirado do local por algumas pessoas. Ele usou as redes sociais para relatar o fato:<em> \u201cFui agredido pela trai\u00e7\u00e3o, e j\u00e1 tinha uma pessoa fazendo a filmagem. Fica n\u00edtido que foi a mando de algu\u00e9m\u201d,<\/em> declarou.<\/p>\n<h3><span style=\"color: #0000ff;\"><a style=\"color: #0000ff;\" href=\"https:\/\/youtube.com\/shorts\/TQXsC1lZw_I?feature=share\" target=\"_blank\" rel=\"noopener noreferrer\">Acesse o v\u00eddeo aqui<\/a><\/span><\/h3>\n","protected":false},"excerpt":{"rendered":"<p>O pecuarista Candinho Gusm\u00e3o foi agredido em Itarantim, na noite de s\u00e1bado (27). Ele \u00e9 tio do prefeito F\u00e1bio Gusm\u00e3o (PSD), mas \u00e9 advers\u00e1rio pol\u00edtico e sempre faz den\u00fancias contra o governo. De acordo com informa\u00e7\u00f5es, a agress\u00e3o aconteceu na principal pra\u00e7a da cidade e no local estava acontecendo um ato do deputado Rosemberg Pinto [&hellip;]<\/p>\n","protected":false},"author":2,"featured_media":104462,"comment_status":"open","ping_status":"open","sticky":false,"template":"","format":"standard","meta":{"footnotes":"","_links_to":"","_links_to_target":""},"categories":[1],"tags":[],"class_list":["post-104461","post","type-post","status-publish","format-standard","has-post-thumbnail","hentry","category-geral"],"views":921,"_links":{"self":[{"href":"https:\/\/www.sudoestehoje.com.br\/novoportal\/wp-json\/wp\/v2\/posts\/104461","targetHints":{"allow":["GET"]}}],"collection":[{"href":"https:\/\/www.sudoestehoje.com.br\/novoportal\/wp-json\/wp\/v2\/posts"}],"about":[{"href":"https:\/\/www.sudoestehoje.com.br\/novoportal\/wp-json\/wp\/v2\/types\/post"}],"author":[{"embeddable":true,"href":"https:\/\/www.sudoestehoje.com.br\/novoportal\/wp-json\/wp\/v2\/users\/2"}],"replies":[{"embeddable":true,"href":"https:\/\/www.sudoestehoje.com.br\/novoportal\/wp-json\/wp\/v2\/comments?post=104461"}],"version-history":[{"count":5,"href":"https:\/\/www.sudoestehoje.com.br\/novoportal\/wp-json\/wp\/v2\/posts\/104461\/revisions"}],"predecessor-version":[{"id":104467,"href":"https:\/\/www.sudoestehoje.com.br\/novoportal\/wp-json\/wp\/v2\/posts\/104461\/revisions\/104467"}],"wp:featuredmedia":[{"embeddable":true,"href":"https:\/\/www.sudoestehoje.com.br\/novoportal\/wp-json\/wp\/v2\/media\/104462"}],"wp:attachment":[{"href":"https:\/\/www.sudoestehoje.com.br\/novoportal\/wp-json\/wp\/v2\/media?parent=104461"}],"wp:term":[{"taxonomy":"category","embeddable":true,"href":"https:\/\/www.sudoestehoje.com.br\/novoportal\/wp-json\/wp\/v2\/categories?post=104461"},{"taxonomy":"post_tag","embeddable":true,"href":"https:\/\/www.sudoestehoje.com.br\/novoportal\/wp-json\/wp\/v2\/tags?post=104461"}],"curies":[{"name":"wp","href":"https:\/\/api.w.org\/{rel}","templated":true}]}}