
{"id":104427,"date":"2022-08-26T20:06:04","date_gmt":"2022-08-26T23:06:04","guid":{"rendered":"https:\/\/www.sudoestehoje.com.br\/novoportal\/?p=104427"},"modified":"2022-08-26T20:10:16","modified_gmt":"2022-08-26T23:10:16","slug":"ipec-tv-bahia-acm-neto-venceria-no-1o-turno-jeronimo-e-roma-empatam-na-margem-de-erro","status":"publish","type":"post","link":"https:\/\/www.sudoestehoje.com.br\/novoportal\/2022\/08\/26\/ipec-tv-bahia-acm-neto-venceria-no-1o-turno-jeronimo-e-roma-empatam-na-margem-de-erro\/","title":{"rendered":"IPEC\/TV BAHIA | ACM NETO VENCERIA NO 1\u00ba TURNO; JER\u00d4NIMO E ROMA EMPATAM NA MARGEM DE ERRO"},"content":{"rendered":"<p><a href=\"https:\/\/www.sudoestehoje.com.br\/novoportal\/wp-content\/uploads\/2022\/08\/saiba_o_que_seu_candidato_ao_governo_da_bahia_vai_fazer_hoje_widelg.jpg\"><img loading=\"lazy\" decoding=\"async\" class=\"aligncenter size-medium wp-image-104428\" src=\"https:\/\/www.sudoestehoje.com.br\/novoportal\/wp-content\/uploads\/2022\/08\/saiba_o_que_seu_candidato_ao_governo_da_bahia_vai_fazer_hoje_widelg-500x281.jpg\" alt=\"\" width=\"500\" height=\"281\" srcset=\"https:\/\/www.sudoestehoje.com.br\/novoportal\/wp-content\/uploads\/2022\/08\/saiba_o_que_seu_candidato_ao_governo_da_bahia_vai_fazer_hoje_widelg-500x281.jpg 500w, https:\/\/www.sudoestehoje.com.br\/novoportal\/wp-content\/uploads\/2022\/08\/saiba_o_que_seu_candidato_ao_governo_da_bahia_vai_fazer_hoje_widelg-700x394.jpg 700w, https:\/\/www.sudoestehoje.com.br\/novoportal\/wp-content\/uploads\/2022\/08\/saiba_o_que_seu_candidato_ao_governo_da_bahia_vai_fazer_hoje_widelg-768x432.jpg 768w, https:\/\/www.sudoestehoje.com.br\/novoportal\/wp-content\/uploads\/2022\/08\/saiba_o_que_seu_candidato_ao_governo_da_bahia_vai_fazer_hoje_widelg.jpg 800w\" sizes=\"auto, (max-width: 500px) 100vw, 500px\" \/><\/a><\/p>\n<p>Pesquisa Instituto em Pesquisa e Consultoria (IPEC, (ex-Ibope) divulgada pela TV Bahia, nesta sexta-feira (26), mostra que o candidato ACM Neto (Uni\u00e3o Brasil) continua na lideran\u00e7a absoluta nas inten\u00e7\u00f5es de voto da pesquisa estimulada, com 56%.<\/p>\n<p>Jer\u00f4nimo Rodrigues (PT)\u00a0tem 13%.\u00a0Jo\u00e3o Roma (PL), por sua vez, tem 7%. Os dois \u00faltimos est\u00e3o tecnicamente empatados dentro da margem de erro.<\/p>\n<p><a href=\"https:\/\/www.sudoestehoje.com.br\/novoportal\/wp-content\/uploads\/2022\/08\/pesquisa_governo_1.jpg\"><img loading=\"lazy\" decoding=\"async\" class=\"aligncenter size-medium wp-image-104430\" src=\"https:\/\/www.sudoestehoje.com.br\/novoportal\/wp-content\/uploads\/2022\/08\/pesquisa_governo_1-500x272.jpg\" alt=\"\" width=\"500\" height=\"272\" srcset=\"https:\/\/www.sudoestehoje.com.br\/novoportal\/wp-content\/uploads\/2022\/08\/pesquisa_governo_1-500x272.jpg 500w, https:\/\/www.sudoestehoje.com.br\/novoportal\/wp-content\/uploads\/2022\/08\/pesquisa_governo_1-700x380.jpg 700w, https:\/\/www.sudoestehoje.com.br\/novoportal\/wp-content\/uploads\/2022\/08\/pesquisa_governo_1.jpg 747w\" sizes=\"auto, (max-width: 500px) 100vw, 500px\" \/><\/a><\/p>\n<p>Na rejei\u00e7\u00e3o, Jer\u00f4nimo tem 24% e Roma tem 23%. Kleber \u00e9 rejeitado por 18% e Marcello Millet por 15%. ACM Neto e Giovani Damico t\u00eam as menores rejei\u00e7\u00f5es, marcando 14 % e 13%.<\/p>\n<p><strong>Veja a pesquisa IPEC estimulada para o Governo da Bahia:<\/strong><\/p>\n<ul>\n<li><strong>ACM Neto 56%<\/strong><\/li>\n<li><strong>Jer\u00f4nimo Rodrigues 13%<\/strong><\/li>\n<li><strong>Jo\u00e3o Roma 7%<\/strong><\/li>\n<li><strong>Giovani Damico 0%<\/strong><\/li>\n<li><strong>Kleber Rosa 1%<\/strong><\/li>\n<li><strong>Marcelo Millet 2%<\/strong><\/li>\n<li><strong>Brancos e Nulos 8%<\/strong><\/li>\n<li><strong>N\u00e3o sabem 12%<\/strong><\/li>\n<\/ul>\n<p>O instituto ouviu 1008 pessoas entre os dias 23 a 25 de agosto, em 51 cidades da Bahia. A margem de erro \u00e9 de 3 pontos percentuais para mais ou para menos, considerando um n\u00edvel de confian\u00e7a de 95%.<\/p>\n<p>A pesquisa foi registrada no Tribunal Superior Eleitoral (TSE) sob o n\u00famero BA &#8211; 028732022 (TRE) e BR &#8211; 00575\/222 (TSE).<\/p>\n","protected":false},"excerpt":{"rendered":"<p>Pesquisa Instituto em Pesquisa e Consultoria (IPEC, (ex-Ibope) divulgada pela TV Bahia, nesta sexta-feira (26), mostra que o candidato ACM Neto (Uni\u00e3o Brasil) continua na lideran\u00e7a absoluta nas inten\u00e7\u00f5es de voto da pesquisa estimulada, com 56%. Jer\u00f4nimo Rodrigues (PT)\u00a0tem 13%.\u00a0Jo\u00e3o Roma (PL), por sua vez, tem 7%. Os dois \u00faltimos est\u00e3o tecnicamente empatados dentro da [&hellip;]<\/p>\n","protected":false},"author":2,"featured_media":104428,"comment_status":"open","ping_status":"open","sticky":false,"template":"","format":"standard","meta":{"footnotes":"","_links_to":"","_links_to_target":""},"categories":[1],"tags":[],"class_list":["post-104427","post","type-post","status-publish","format-standard","has-post-thumbnail","hentry","category-geral"],"views":912,"_links":{"self":[{"href":"https:\/\/www.sudoestehoje.com.br\/novoportal\/wp-json\/wp\/v2\/posts\/104427","targetHints":{"allow":["GET"]}}],"collection":[{"href":"https:\/\/www.sudoestehoje.com.br\/novoportal\/wp-json\/wp\/v2\/posts"}],"about":[{"href":"https:\/\/www.sudoestehoje.com.br\/novoportal\/wp-json\/wp\/v2\/types\/post"}],"author":[{"embeddable":true,"href":"https:\/\/www.sudoestehoje.com.br\/novoportal\/wp-json\/wp\/v2\/users\/2"}],"replies":[{"embeddable":true,"href":"https:\/\/www.sudoestehoje.com.br\/novoportal\/wp-json\/wp\/v2\/comments?post=104427"}],"version-history":[{"count":2,"href":"https:\/\/www.sudoestehoje.com.br\/novoportal\/wp-json\/wp\/v2\/posts\/104427\/revisions"}],"predecessor-version":[{"id":104431,"href":"https:\/\/www.sudoestehoje.com.br\/novoportal\/wp-json\/wp\/v2\/posts\/104427\/revisions\/104431"}],"wp:featuredmedia":[{"embeddable":true,"href":"https:\/\/www.sudoestehoje.com.br\/novoportal\/wp-json\/wp\/v2\/media\/104428"}],"wp:attachment":[{"href":"https:\/\/www.sudoestehoje.com.br\/novoportal\/wp-json\/wp\/v2\/media?parent=104427"}],"wp:term":[{"taxonomy":"category","embeddable":true,"href":"https:\/\/www.sudoestehoje.com.br\/novoportal\/wp-json\/wp\/v2\/categories?post=104427"},{"taxonomy":"post_tag","embeddable":true,"href":"https:\/\/www.sudoestehoje.com.br\/novoportal\/wp-json\/wp\/v2\/tags?post=104427"}],"curies":[{"name":"wp","href":"https:\/\/api.w.org\/{rel}","templated":true}]}}